{"id":9966,"date":"2022-12-16T11:10:19","date_gmt":"2022-12-16T14:10:19","guid":{"rendered":"https:\/\/www.semanariolocal.cl\/?p=9966"},"modified":"2022-12-16T11:10:37","modified_gmt":"2022-12-16T14:10:37","slug":"diputados-udi-comunes-hara-todo-lo-posible-para-que-el-acuerdo-fracase","status":"publish","type":"post","link":"https:\/\/www.semanariolocal.cl\/?p=9966","title":{"rendered":"<strong>Diputados UDI: \u201cComunes har\u00e1 todo lo posible para que el acuerdo fracase\u201d<\/strong>"},"content":{"rendered":"\n<p>Los diputados de la UDI, Felipe Donoso y Gustavo Benavente, reaccionaron negativamente ante la serie de contradicciones del presidente del Partido Comunes, Marco Valverde, que esta ma\u00f1ana en entrevista con T13, demostr\u00f3 \u201cfalta de convicci\u00f3n, dudas y liderazgo\u201d, respecto a si iban o no a cumplir el acuerdo constitucional alcanzado esta semana.<br><br>Los legisladores afirmaron que Valverde \u201cdejo en evidencia que no les gust\u00f3 el acuerdo, que sus bases lo est\u00e1n presionando y que van a tratar de torpedearlo v\u00eda indicaciones\u201d.<br><\/p>\n\n\n\n<p>\u201cAdem\u00e1s\u201d, agregaron, \u201csus respuestas contradictorias reflejan una falta de talento pol\u00edtico o definitivamente no quer\u00eda expresar que se arrepienten de haber firmado el acuerdo y no hallan c\u00f3mo retirarse, salvo la estrategia de hacerlo inviable en el Congreso\u201d.<\/p>\n\n\n\n<p>Por \u00faltimo, Donoso y Benavente hicieron un llamado a los dem\u00e1s partidos que concurrieron al acuerdo a \u201cactuar con mayor madurez y saquemos esta tarea adelante. Un nuevo fracaso constitucional es impresentable y cada uno deber\u00e1 asumir sus responsabilidades\u201d.<\/p>\n","protected":false},"excerpt":{"rendered":"<p>Los legisladores afirmaron que Valverde \u201cdejo en evidencia que no les gust\u00f3 el acuerdo, que sus bases lo est\u00e1n presionando y que van a tratar de torpedearlo v\u00eda indicaciones\u201d.<\/p>\n","protected":false},"author":1,"featured_media":9967,"comment_status":"closed","ping_status":"closed","sticky":false,"template":"","format":"standard","meta":{"footnotes":""},"categories":[6],"tags":[525,601,337,1085,273,1086,247,133],"class_list":["post-9966","post","type-post","status-publish","format-standard","has-post-thumbnail","hentry","category-politica","tag-felipe-donoso","tag-gustavo-benavente","tag-informacion","tag-marco-valverde","tag-noticias","tag-partido-comunes","tag-region-de-los-lagos","tag-semanario-local"],"_links":{"self":[{"href":"https:\/\/www.semanariolocal.cl\/index.php?rest_route=\/wp\/v2\/posts\/9966","targetHints":{"allow":["GET"]}}],"collection":[{"href":"https:\/\/www.semanariolocal.cl\/index.php?rest_route=\/wp\/v2\/posts"}],"about":[{"href":"https:\/\/www.semanariolocal.cl\/index.php?rest_route=\/wp\/v2\/types\/post"}],"author":[{"embeddable":true,"href":"https:\/\/www.semanariolocal.cl\/index.php?rest_route=\/wp\/v2\/users\/1"}],"replies":[{"embeddable":true,"href":"https:\/\/www.semanariolocal.cl\/index.php?rest_route=%2Fwp%2Fv2%2Fcomments&post=9966"}],"version-history":[{"count":1,"href":"https:\/\/www.semanariolocal.cl\/index.php?rest_route=\/wp\/v2\/posts\/9966\/revisions"}],"predecessor-version":[{"id":9968,"href":"https:\/\/www.semanariolocal.cl\/index.php?rest_route=\/wp\/v2\/posts\/9966\/revisions\/9968"}],"wp:featuredmedia":[{"embeddable":true,"href":"https:\/\/www.semanariolocal.cl\/index.php?rest_route=\/wp\/v2\/media\/9967"}],"wp:attachment":[{"href":"https:\/\/www.semanariolocal.cl\/index.php?rest_route=%2Fwp%2Fv2%2Fmedia&parent=9966"}],"wp:term":[{"taxonomy":"category","embeddable":true,"href":"https:\/\/www.semanariolocal.cl\/index.php?rest_route=%2Fwp%2Fv2%2Fcategories&post=9966"},{"taxonomy":"post_tag","embeddable":true,"href":"https:\/\/www.semanariolocal.cl\/index.php?rest_route=%2Fwp%2Fv2%2Ftags&post=9966"}],"curies":[{"name":"wp","href":"https:\/\/api.w.org\/{rel}","templated":true}]}}