{"id":9947,"date":"2022-12-15T13:14:34","date_gmt":"2022-12-15T16:14:34","guid":{"rendered":"https:\/\/www.semanariolocal.cl\/?p=9947"},"modified":"2022-12-15T13:14:35","modified_gmt":"2022-12-15T16:14:35","slug":"ministerios-de-energia-presentan-mesa-para-avance-de-la-electromovilidad","status":"publish","type":"post","link":"https:\/\/www.semanariolocal.cl\/?p=9947","title":{"rendered":"Ministerios de Energ\u00eda  presentan Mesa para Avance de la Electromovilidad"},"content":{"rendered":"\n<p><strong>&nbsp;<\/strong>Los&nbsp;ministros&nbsp;de Energ\u00eda, Diego&nbsp;Pardow;&nbsp;y de Transportes y Telecomunicaciones, Juan Carlos Mu\u00f1oz,&nbsp;lanzaron esta ma\u00f1ana la Mesa para el Avance de la Electromovilidad en Chile,&nbsp;la cual&nbsp;buscar\u00e1 definir acciones para masificar el uso de este tipo de&nbsp;tecnolog\u00eda&nbsp;en nuestro pa\u00eds.&nbsp;<\/p>\n\n\n\n<p>Esta instancia surgi\u00f3\u00a0en el marco de la discusi\u00f3n parlamentaria del proyecto de ley de Almacenamiento y Electromovilidad que\u00a0entrega beneficios para la adquisici\u00f3n de un veh\u00edculo el\u00e9ctrico, rebajando transitoriamente por 8 a\u00f1os el costo de los permisos de circulaci\u00f3n, siendo este el primer paso para el fomento de esta industria en el pa\u00eds.\u00a0<\/p>\n\n\n\n<h2 class=\"wp-block-heading\">Mejorar normativas<\/h2>\n\n\n<div class=\"wp-block-image\">\n<figure class=\"alignleft size-full is-resized\"><img loading=\"lazy\" decoding=\"async\" src=\"https:\/\/www.semanariolocal.cl\/wp-content\/uploads\/2022\/12\/electro.png\" alt=\"\" class=\"wp-image-9949\" width=\"541\" height=\"376\" srcset=\"https:\/\/www.semanariolocal.cl\/wp-content\/uploads\/2022\/12\/electro.png 629w, https:\/\/www.semanariolocal.cl\/wp-content\/uploads\/2022\/12\/electro-300x208.png 300w\" sizes=\"auto, (max-width: 541px) 100vw, 541px\" \/><\/figure>\n<\/div>\n\n\n<p>Durante su presentaci\u00f3n, el ministro\u00a0Pardow\u00a0mencion\u00f3 la\u00a0necesidad\u00a0de avanzar en normativas integrales en esta materia, argumentando que\u00a0no solo es necesario pensar en\u00a0incentivos para la adquisici\u00f3n residencial de veh\u00edculos el\u00e9ctricos,\u00a0sino que adem\u00e1s \u201cincentivar que el autom\u00f3vil que se est\u00e1 reemplazando salga de circulaci\u00f3n y no simplemente siga contaminando, porque en ese caso no se consigue uno de los objetivos de esta pol\u00edtica p\u00fablica\u201d.\u00a0<\/p>\n\n\n\n<p>Por su parte, el ministro Mu\u00f1oz, sugiri\u00f3 la urgencia de trabajar de forma acelerada en el \u00e1mbito de la electromovilidad para disminuir la contaminaci\u00f3n proveniente de su sector. \u201cEs importante reconocer que cerca del 25% de las emisiones, justamente vienen del sector transporte y lo que hemos venido viendo en los \u00faltimos a\u00f1os es que m\u00e1s bien las emisiones del sector transporte van al alza y por lo tanto si ese es un objetivo que nos hemos trazado, el de poder reducir esas emisiones, es que tenemos que trabajar en forma conjunta&nbsp;desde el sector privado\u201d.&nbsp;&nbsp;<\/p>\n\n\n\n<p>La instancia&nbsp;contar\u00e1 con la participaci\u00f3n de diferentes actores del mercado, permitiendo la generaci\u00f3n de un di\u00e1logo en torno a las necesidades y posibles alternativas para superar las barreras existentes, acelerando as\u00ed la incorporaci\u00f3n de movilidad el\u00e9ctrica en las distintas ciudades.&nbsp;<\/p>\n\n\n\n<p>El trabajo de la mesa se realizar\u00e1 a trav\u00e9s de sesiones tem\u00e1ticas, las que tendr\u00e1n por objetivo recabar los planteamientos de los diferentes participantes. A su vez se llevar\u00e1n a cabo sesiones&nbsp;de consenso, donde se ver\u00e1n los aspectos prioritarios para la definici\u00f3n de una futura hoja de ruta de incentivo a la electromovilidad.&nbsp;&nbsp;<\/p>\n\n\n\n<p>El trabajo de la mesa concluir\u00e1 en marzo del 2023, con la entrega&nbsp;de un informe con las principales conclusiones.&nbsp;<\/p>\n","protected":false},"excerpt":{"rendered":"<p>Su objetivo es realizar un an\u00e1lisis de las barreras regulatorias y la elaboraci\u00f3n de propuestas para promover el uso de este tipo de tecnolog\u00eda en el pa\u00eds.  <\/p>\n","protected":false},"author":1,"featured_media":9948,"comment_status":"closed","ping_status":"closed","sticky":false,"template":"","format":"standard","meta":{"footnotes":""},"categories":[3,12,9],"tags":[612,337,1081,1080,273,247,133,1079],"class_list":["post-9947","post","type-post","status-publish","format-standard","has-post-thumbnail","hentry","category-al-dia","category-economia","category-gobierno","tag-electromovilidad","tag-informacion","tag-ministro-diego-pardow","tag-ministro-juan-carlos-munoz","tag-noticias","tag-region-de-los-lagos","tag-semanario-local","tag-transporte-y-telecomunicaciones"],"_links":{"self":[{"href":"https:\/\/www.semanariolocal.cl\/index.php?rest_route=\/wp\/v2\/posts\/9947","targetHints":{"allow":["GET"]}}],"collection":[{"href":"https:\/\/www.semanariolocal.cl\/index.php?rest_route=\/wp\/v2\/posts"}],"about":[{"href":"https:\/\/www.semanariolocal.cl\/index.php?rest_route=\/wp\/v2\/types\/post"}],"author":[{"embeddable":true,"href":"https:\/\/www.semanariolocal.cl\/index.php?rest_route=\/wp\/v2\/users\/1"}],"replies":[{"embeddable":true,"href":"https:\/\/www.semanariolocal.cl\/index.php?rest_route=%2Fwp%2Fv2%2Fcomments&post=9947"}],"version-history":[{"count":1,"href":"https:\/\/www.semanariolocal.cl\/index.php?rest_route=\/wp\/v2\/posts\/9947\/revisions"}],"predecessor-version":[{"id":9950,"href":"https:\/\/www.semanariolocal.cl\/index.php?rest_route=\/wp\/v2\/posts\/9947\/revisions\/9950"}],"wp:featuredmedia":[{"embeddable":true,"href":"https:\/\/www.semanariolocal.cl\/index.php?rest_route=\/wp\/v2\/media\/9948"}],"wp:attachment":[{"href":"https:\/\/www.semanariolocal.cl\/index.php?rest_route=%2Fwp%2Fv2%2Fmedia&parent=9947"}],"wp:term":[{"taxonomy":"category","embeddable":true,"href":"https:\/\/www.semanariolocal.cl\/index.php?rest_route=%2Fwp%2Fv2%2Fcategories&post=9947"},{"taxonomy":"post_tag","embeddable":true,"href":"https:\/\/www.semanariolocal.cl\/index.php?rest_route=%2Fwp%2Fv2%2Ftags&post=9947"}],"curies":[{"name":"wp","href":"https:\/\/api.w.org\/{rel}","templated":true}]}}