{"id":9883,"date":"2022-12-13T11:30:41","date_gmt":"2022-12-13T14:30:41","guid":{"rendered":"https:\/\/www.semanariolocal.cl\/?p=9883"},"modified":"2022-12-14T13:03:25","modified_gmt":"2022-12-14T16:03:25","slug":"cuatro-utiles-recomendaciones-al-estudiar-una-carrera-vespertina","status":"publish","type":"post","link":"https:\/\/www.semanariolocal.cl\/?p=9883","title":{"rendered":"Cuatro \u00fatiles recomendaciones al estudiar una carrera vespertina"},"content":{"rendered":"\n<p class=\"wp-block-paragraph\">Casi un 20% de los estudiantes de educaci\u00f3n superior lo hace en modalidad vespertina, representando a m\u00e1s de 225 mil personas a lo largo de Chile, de acuerdo al Informe de Matr\u00edcula de Educaci\u00f3n Superior 2022, de la Subsecretar\u00eda de Educaci\u00f3n Superior.<\/p>\n\n\n\n<p class=\"wp-block-paragraph\">En el Centro de Formaci\u00f3n T\u00e9cnica e Instituto Profesional Santo Tom\u00e1s Osorno, por ejemplo, son m\u00e1s de 350 los futuros profesionales que prefieren la jornada vespertina y que se especializan actualmente en las \u00e1reas de: <strong>Topograf\u00eda, Contador Auditor, T\u00e9cnico en Administraci\u00f3n, T\u00e9cnico en Construcciones Civiles, e Ingenier\u00eda de Ejecuci\u00f3n de Administraci\u00f3n.<\/strong><\/p>\n\n\n\n<p class=\"wp-block-paragraph\">Estudiar en modalidad vespertina viene de la mano de diferentes circunstancias: tener un trabajo de tiempo completo, el cuidado de la familia o la flexibilidad que brinda la educaci\u00f3n en este horario.<\/p>\n\n\n\n<p class=\"wp-block-paragraph\">En este contexto, Jade Ortiz, acad\u00e9mica de la Escuela de Psicolog\u00eda de la Universidad Santo Tom\u00e1s, entrega una serie de recomendaciones para aquellas personas que quieran acceder a esta modalidad de educaci\u00f3n, en la que, seg\u00fan la profesional, el cuidado de la salud mental, la comunicaci\u00f3n fluida con la familia y las redes de apoyo son fundamentales.<\/p>\n\n\n\n<p class=\"wp-block-paragraph\"><strong>Analizar y organizar bien el tiempo<\/strong><\/p>\n\n\n\n<p class=\"wp-block-paragraph\">Si bien las carreras vespertinas cuentan con menos horas de clases formales, en muchos casos incluyen los s\u00e1bados, a lo que hay que sumar tiempo de estudio, trabajos y reuniones grupales. Por lo mismo, Ortiz recomienda organizar adecuadamente el tiempo, as\u00ed como \u201caveriguar c\u00f3mo es el horario de la carrera, porque no solamente se trata de ir a clases. Esa es una parte que, en general, los alumnos tienen dificultad de asimilar al ingresar. Es fundamental revisar bien tu disponibilidad de tiempo y llevar una agenda para saber cu\u00e1nto tiempo puedes dedicar al estudio, al trabajo, a la familia y a todo lo que pueda estar asociado\u201d.<\/p>\n\n\n\n<p class=\"wp-block-paragraph\"><strong>Crear una red social de apoyo<\/strong><\/p>\n\n\n\n<p class=\"wp-block-paragraph\">Gran parte de las personas que estudian en modalidad vespertina trabajan o cuentan con otras labores durante el d\u00eda, lo que a veces puede provocar atrasos o inasistencias. Para la psic\u00f3loga, es fundamental contar con una red social que permita aliviar esa carga: \u00abTener un buen grupo de estudio puede ayudar. Entre todos se dar\u00e1n un soporte para cuando no puedan cumplir efectivamente con sus horarios, adem\u00e1s de enterarse sobre lo que est\u00e1n haciendo y no quedarse atr\u00e1s\u00bb.<\/p>\n\n\n\n<p class=\"wp-block-paragraph\"><strong>Vida familiar: la comunicaci\u00f3n es fundamental<\/strong><\/p>\n\n\n\n<p class=\"wp-block-paragraph\">Con menos horas libres disponibles debido a los estudios, la vida familiar y social probablemente se ver\u00e1 afectada, seg\u00fan Ortiz. Por esta raz\u00f3n, el comunicar efectivamente a la familia las metas y objetivos es una buena forma de alivianar la carga mental del desaf\u00edo de un programa vespertino. \u00abHay que asumir el costo familiar, por eso es importante tener un apoyo conversado, que entiendan que quiz\u00e1s no voy a estar, por ejemplo, en todas las fiestas y reuniones\u00bb. En esta l\u00ednea, la docente recomienda que \u201cesta es una charla que no solo debe ocurrir una vez, sino que regularmente, ya que con el paso de los semestres existir\u00e1n diferentes escenarios en los estudios, algunos requiriendo m\u00e1s o menos tiempo\u201d.<\/p>\n\n\n\n<p class=\"wp-block-paragraph\"><strong>Encontrar un ritmo propio<\/strong><\/p>\n\n\n\n<p class=\"wp-block-paragraph\">Muchas de las personas que escogen la educaci\u00f3n vespertina lo realizan luego de varios a\u00f1os sin haber estudiado formalmente. Por lo mismo, retomar el <em>adecuado <\/em>ritmo de estudio puede ser un proceso frustrante, por lo que hay que ajustar las expectativas y tiempos para no desmotivarse. En este sentido, Ortiz indica que \u201ces importante tener claro que es normal que el desempe\u00f1o no sea grandioso, aunque seas muy inteligente y estudioso. Tiene que ver con el <em>training<\/em>, requiere adaptaci\u00f3n. Aqu\u00ed los objetivos son muy importantes, para no perder motivaci\u00f3n\u00bb. Finalmente, a quienes trabajan, la acad\u00e9mica aconseja a no caer en la comparaci\u00f3n con compa\u00f1eros, sino que enfocarse en sus fortalezas: \u00abLa ventaja que tienen es que hay m\u00e1s experiencia laboral, m\u00e1s habilidades que poner al servicio de los estudios. Esto entrega mayor solidez y profundidad a la hora de asimilar los contenidos\u00bb.<\/p>\n","protected":false},"excerpt":{"rendered":"<p>Gran parte de las personas que estudian en modalidad vespertina trabajan o cuentan con otras labores durante el d\u00eda, lo que a veces puede provocar inconvenientes <\/p>\n","protected":false},"author":1,"featured_media":9884,"comment_status":"closed","ping_status":"closed","sticky":false,"template":"","format":"standard","meta":{"footnotes":""},"categories":[3],"tags":[337,273,247,133,1048],"class_list":["post-9883","post","type-post","status-publish","format-standard","has-post-thumbnail","hentry","category-al-dia","tag-informacion","tag-noticias","tag-region-de-los-lagos","tag-semanario-local","tag-vespertino"],"_links":{"self":[{"href":"https:\/\/www.semanariolocal.cl\/index.php?rest_route=\/wp\/v2\/posts\/9883","targetHints":{"allow":["GET"]}}],"collection":[{"href":"https:\/\/www.semanariolocal.cl\/index.php?rest_route=\/wp\/v2\/posts"}],"about":[{"href":"https:\/\/www.semanariolocal.cl\/index.php?rest_route=\/wp\/v2\/types\/post"}],"author":[{"embeddable":true,"href":"https:\/\/www.semanariolocal.cl\/index.php?rest_route=\/wp\/v2\/users\/1"}],"replies":[{"embeddable":true,"href":"https:\/\/www.semanariolocal.cl\/index.php?rest_route=%2Fwp%2Fv2%2Fcomments&post=9883"}],"version-history":[{"count":2,"href":"https:\/\/www.semanariolocal.cl\/index.php?rest_route=\/wp\/v2\/posts\/9883\/revisions"}],"predecessor-version":[{"id":9928,"href":"https:\/\/www.semanariolocal.cl\/index.php?rest_route=\/wp\/v2\/posts\/9883\/revisions\/9928"}],"wp:featuredmedia":[{"embeddable":true,"href":"https:\/\/www.semanariolocal.cl\/index.php?rest_route=\/wp\/v2\/media\/9884"}],"wp:attachment":[{"href":"https:\/\/www.semanariolocal.cl\/index.php?rest_route=%2Fwp%2Fv2%2Fmedia&parent=9883"}],"wp:term":[{"taxonomy":"category","embeddable":true,"href":"https:\/\/www.semanariolocal.cl\/index.php?rest_route=%2Fwp%2Fv2%2Fcategories&post=9883"},{"taxonomy":"post_tag","embeddable":true,"href":"https:\/\/www.semanariolocal.cl\/index.php?rest_route=%2Fwp%2Fv2%2Ftags&post=9883"}],"curies":[{"name":"wp","href":"https:\/\/api.w.org\/{rel}","templated":true}]}}