{"id":9849,"date":"2022-12-08T12:29:08","date_gmt":"2022-12-08T15:29:08","guid":{"rendered":"https:\/\/www.semanariolocal.cl\/?p=9849"},"modified":"2022-12-08T12:29:09","modified_gmt":"2022-12-08T15:29:09","slug":"familias-del-sector-calvario-en-puerto-varas-a-la-espera-de-proyecto-de-alcantarillado","status":"publish","type":"post","link":"https:\/\/www.semanariolocal.cl\/?p=9849","title":{"rendered":"Familias del Sector Calvario en Puerto Varas a la espera de proyecto de alcantarillado"},"content":{"rendered":"\n<p class=\"wp-block-paragraph\">Puerto Varas. Temor y preocupaci\u00f3n por su salud y la de sus hijos es lo que sienten 24 familias del sector Cerro Calvario de Puerto Varas quienes solicitan a la municipalidad se concrete el proyecto de alcantarillado que est\u00e1 en carpeta desde hace 4 a\u00f1os y que los vecinos vienen esperando desde hace 45 a\u00f1os.<\/p>\n\n\n\n<p class=\"wp-block-paragraph\">Por lo anterior es que los concejales de Puerto Varas, Antonio Horn y Juan Patricio Godoy visitaron a estas familias y conocieron en terreno la preocupaci\u00f3n y angustia de los vecinos quienes ya han vivido y soportado el rebalse de sus pozos negros lo que conlleva, adem\u00e1s de malos olores un peligro para ellos, por la insalubridad que a diario deben sortear.<\/p>\n\n\n\n<p class=\"wp-block-paragraph\">El Presidente del Comit\u00e9 de Pro Alcantarillado, Pedro Guzm\u00e1n agradeci\u00f3 a los concejales por conocer en terreno la problem\u00e1tica de estas familias y se\u00f1al\u00f3 que&nbsp;<strong><em>\u201csu presencia es muy importante, ya que con esto nos ayudan mucho, yo estoy a\u00f1os trabajando en esto, he luchado por el alcantarillado, he luchado por el agua potable, por la iluminaci\u00f3n y quiero que el proyecto de alcantarillado salga lo m\u00e1s pronto posible para que mi gente pueda vivir tranquila y no tener ese olor tan desagradable al llegar a sus casas, yo les pido por favor que esto salga lo m\u00e1s pronto posible\u201d<\/em><\/strong>, puntualiz\u00f3 el dirigente.<\/p>\n\n\n\n<p class=\"wp-block-paragraph\">La vecina, Jeannette Guzm\u00e1n&nbsp; explic\u00f3 que este hecho data desde hace muchos a\u00f1os<strong><em>, \u201cnosotros en este momento estamos pasando algo sanitario, somos m\u00e1s de 17 familias, ahora 24, que no tenemos alcantarillado, tenemos pozos negros, que despu\u00e9s de 40 a\u00f1os est\u00e1n zozobrando; en la casa de unos vecinos el pozo revent\u00f3, tanto por la taza del ba\u00f1o como por la ducha y el material fecal se meti\u00f3 dentro del hogar de algunas familias, quienes no pueden vivir por los malos olores, y donde m\u00e1s encima ahora est\u00e1n saliendo gusanos\u201d<\/em><\/strong>.<\/p>\n\n\n\n<p class=\"wp-block-paragraph\">Guzm\u00e1n solicit\u00f3 que la municipalidad se haga presente,\u00a0<strong><em>\u201cnecesitamos que nos ayuden, \u00a0que vean lo que nosotros estamos pasando porque esta no es la primera casa que le sucede, el a\u00f1o pasado tambi\u00e9n tuvimos una vivienda donde tambi\u00e9n revent\u00f3 el pozo y bot\u00f3 todo el excremento a la casa vecina, entonces no es un tema que deba ser ajeno para la municipalidad, todos saben lo que est\u00e1 sucediendo, nosotros necesitamos que vengan y nos ayuden a limpiar nuestras fosas y a concretar el proyecto de alcantarillado\u201d. \u00a0<\/em><\/strong><\/p>\n\n\n\n<h2 class=\"wp-block-heading\">Concejales ocupados en el problema<\/h2>\n\n\n\n<p class=\"wp-block-paragraph\">El Concejal Antonio Horn junto con solidarizar con los vecinos explico que lo que buscan adem\u00e1s de agilizar el proyecto es visualizar los problemas de los vecinos,&nbsp;<strong><em>\u201choy en el a\u00f1o 2022 tenemos familias que viven en sectores c\u00e9ntricos de nuestra comuna, no puede ser que a\u00fan existan familias que no cuentan con alcantarillado y nuestro trabajo como concejales es tratar de ayudarlos de guiarlos y agilizar los procesos, ojala que este tipo de proyectos no demore mucho tiempo porque las familias no puedan vivir as\u00ed, es por eso que &nbsp;necesitamos voluntad pol\u00edtica; como concejales los estamos acompa\u00f1ando y queremos visualizar que estas realidades tambi\u00e9n existen, as\u00ed que todo mi apoyo para los vecinos y esperemos que este proyecto pueda salir lo antes posible\u201d<\/em><\/strong>, indic\u00f3 Horn.<\/p>\n\n\n\n<p class=\"wp-block-paragraph\">Lo propio se\u00f1al\u00f3 el Concejal Juan Patricio Godoy, quien explic\u00f3 que estas familias llevan 45 a\u00f1os esperando una red de alcantarillado, \u201c<strong><em>hay un proyecto, pero lamentablemente el alcalde que pregona que es ambientalista y que quiere una ciudad verde, tenemos un grave problema sanitario, en el cual hago la invitaci\u00f3n para que de una vez por todas comprendamos que en la capital tur\u00edstica del sur de Chile (Puerto Varas) estas familias no pueden vivir en estas condiciones\u201d.<\/em><\/strong><\/p>\n\n\n\n<p class=\"wp-block-paragraph\">Godoy indic\u00f3 que adem\u00e1s existe un da\u00f1o psicol\u00f3gico,&nbsp;<strong><em>\u201cnos encontramos con la inoperancia de muchos funcionarios municipales que no entienden que tienen que trabajar para el desarrollo integral de la comuna, m\u00e1s all\u00e1 de los problemas administrativos que tienen que ver con la posesi\u00f3n efectiva, de una vez por todas debemos ponerle punto final y solucionar esta problem\u00e1tica en breve tiempo; espero que no sea m\u00e1s all\u00e1 de este verano porque nos vamos a encontrar con la \u00e9poca estival y los olores se van acrecentar con las altas temperatura\u201d<\/em><\/strong>, se\u00f1al\u00f3 Godoy.<\/p>\n\n\n\n<p class=\"wp-block-paragraph\">Ambos concejales esperan que esta problem\u00e1tica sea solucionada y que la actual administraci\u00f3n municipal no haga vista gorda a las familias que residen en Cerro Calvario de Puerto Varas, comuna que es el coraz\u00f3n tur\u00edstico de la regi\u00f3n de Los Lagos.<\/p>\n","protected":false},"excerpt":{"rendered":"<p>Las familias aseguran que han debido sortear una serie de problemas en sus viviendas cuando se rebalsan los pozos negros, situaci\u00f3n que los concejales Antonio Horn y Juan Patricio Godoy han sido testigos y buscan agilizar la propuesta.<\/p>\n","protected":false},"author":1,"featured_media":9850,"comment_status":"closed","ping_status":"closed","sticky":false,"template":"","format":"standard","meta":{"footnotes":""},"categories":[3],"tags":[1031,1034,462,463,1032,337,1033,273,79,247,133],"class_list":["post-9849","post","type-post","status-publish","format-standard","has-post-thumbnail","hentry","category-al-dia","tag-alcantarillado","tag-antonio-horn","tag-concejal","tag-concejales","tag-el-calvario","tag-informacion","tag-juan-patricio-godoy","tag-noticias","tag-puerto-varas","tag-region-de-los-lagos","tag-semanario-local"],"_links":{"self":[{"href":"https:\/\/www.semanariolocal.cl\/index.php?rest_route=\/wp\/v2\/posts\/9849","targetHints":{"allow":["GET"]}}],"collection":[{"href":"https:\/\/www.semanariolocal.cl\/index.php?rest_route=\/wp\/v2\/posts"}],"about":[{"href":"https:\/\/www.semanariolocal.cl\/index.php?rest_route=\/wp\/v2\/types\/post"}],"author":[{"embeddable":true,"href":"https:\/\/www.semanariolocal.cl\/index.php?rest_route=\/wp\/v2\/users\/1"}],"replies":[{"embeddable":true,"href":"https:\/\/www.semanariolocal.cl\/index.php?rest_route=%2Fwp%2Fv2%2Fcomments&post=9849"}],"version-history":[{"count":1,"href":"https:\/\/www.semanariolocal.cl\/index.php?rest_route=\/wp\/v2\/posts\/9849\/revisions"}],"predecessor-version":[{"id":9851,"href":"https:\/\/www.semanariolocal.cl\/index.php?rest_route=\/wp\/v2\/posts\/9849\/revisions\/9851"}],"wp:featuredmedia":[{"embeddable":true,"href":"https:\/\/www.semanariolocal.cl\/index.php?rest_route=\/wp\/v2\/media\/9850"}],"wp:attachment":[{"href":"https:\/\/www.semanariolocal.cl\/index.php?rest_route=%2Fwp%2Fv2%2Fmedia&parent=9849"}],"wp:term":[{"taxonomy":"category","embeddable":true,"href":"https:\/\/www.semanariolocal.cl\/index.php?rest_route=%2Fwp%2Fv2%2Fcategories&post=9849"},{"taxonomy":"post_tag","embeddable":true,"href":"https:\/\/www.semanariolocal.cl\/index.php?rest_route=%2Fwp%2Fv2%2Ftags&post=9849"}],"curies":[{"name":"wp","href":"https:\/\/api.w.org\/{rel}","templated":true}]}}