{"id":9835,"date":"2022-12-07T12:23:45","date_gmt":"2022-12-07T15:23:45","guid":{"rendered":"https:\/\/www.semanariolocal.cl\/?p=9835"},"modified":"2022-12-07T12:23:46","modified_gmt":"2022-12-07T15:23:46","slug":"citaran-a-ministro-de-agricultura-y-a-directora-s-del-sag-por-hepatitis-a-en-frambuesa","status":"publish","type":"post","link":"https:\/\/www.semanariolocal.cl\/?p=9835","title":{"rendered":"Citar\u00e1n a ministro de Agricultura y a directora (s) del SAG por Hepatitis A en frambuesa"},"content":{"rendered":"\n<p>El presidente de la comisi\u00f3n de Agricultura de la C\u00e1mara Baja, Juan Antonio Coloma, junto al diputado Felipe Donoso, anunciaron que citar\u00e1n al ministro de la cartera, Esteban Valenzuela, adem\u00e1s de la directora nacional (s) del Servicio Agr\u00edcola Ganadero (SAG), Andrea Collao, para que acudan a exponer sobre la presencia de Hepatitis A que fue detectada en algunas cajas de frambuesas chilenas que hab\u00edan sido exportadas a Estados Unidos.<\/p>\n\n\n\n<p>Al respecto, los parlamentarios gremialistas calificaron el hecho como \u201cgrave\u201d, sobre todo considerando el impacto que podr\u00eda significar en la imagen del pa\u00eds, por lo que se\u00f1alaron que \u201cresulta indispensable que el ministro de Agricultura acuda a la comisi\u00f3n no s\u00f3lo para entregar detalles sobre esta situaci\u00f3n, sino que tambi\u00e9n para darle tranquilidad a todos los agricultores\u201d.<\/p>\n\n\n\n<p>\u201cComo comisi\u00f3n de Agricultura, y acogiendo el llamado de distintos sectores pol\u00edticos, hemos decidido citar al ministro Valenzuela y a la directora (s) nacional del SAG, por el grav\u00edsimo hecho que ha ocurrido con algunas cajas de frambuesas, que fueron devueltas en Estados Unidos por contener muestras de Hepatitis A. Nos parece un hecho de la m\u00e1xima gravedad, y el Ministro de Agricultura tiene el deber de informarnos sobre las medidas que se adoptar\u00e1n en esta materia\u201d, se\u00f1alaron los diputados UDI, agregando que \u201ces fundamental conocer todos los detalles de este caso, como tambi\u00e9n saber qu\u00e9 est\u00e1 haciendo el Gobierno y c\u00f3mo pretende resolver este grave impasse\u201d.<\/p>\n\n\n\n<h2 class=\"wp-block-heading\">Medidas Urgentes<\/h2>\n\n\n\n<p>En esa l\u00ednea, Coloma y Donoso advirtieron sobre la necesidad de \u201cadoptar medidas urgentes\u201d, de manera de evitar que \u201cesta situaci\u00f3n lleve a que las otras exportaciones de frutas chilenas queden retenidas en los puertos de Estados Unidos\u201d, insistiendo en que \u201ctenemos que hacer todo lo que tengamos a nuestro alcance para que no se vea afectado el prestigio de nuestras exportaciones\u201d.<\/p>\n\n\n\n<p>\u201cEs indispensable que la investigaci\u00f3n que inici\u00f3 el ministerio sea lo m\u00e1s rigurosa posible, que avance lo antes posible y que se transparenten los resultados una vez que se conozcan. Se debe hacer la trazabilidad exacta para detectar el origen del problema, solucionarlo y darle la tranquilidad no s\u00f3lo a los pa\u00edses que importan fruta chilena, sino que tambi\u00e9n a los agricultores de nuestro pa\u00eds, sobre todo los medianos y peque\u00f1os, que se esfuerzan a diario por tener una fruta de calidad, de buenas condiciones y apta para la salud de las personas\u201d, manifestaron los parlamentarios.<\/p>\n\n\n\n<p>Por \u00faltimo, los integrantes de la comisi\u00f3n de Agricultura se\u00f1alaron que \u201cChile tiene un prestigio en materia de exportaci\u00f3n de frutas, y es responsabilidad del Gobierno evitar que este impasse afecte gravemente nuestra econom\u00eda, en especial de las personas que viven del campo y de la temporada de fruta, quienes trabajan durante todo el a\u00f1o esperando para llegar a estas fechas\u201d.<\/p>\n","protected":false},"excerpt":{"rendered":"<p>Juan Antonio Coloma y Felipe Donoso solicitar\u00e1n que ambas autoridades acudan a la C\u00e1mara Baja a exponer las medidas que adoptar\u00e1 el Gobierno para enfrentar dicho caso. <\/p>\n","protected":false},"author":1,"featured_media":9836,"comment_status":"closed","ping_status":"closed","sticky":false,"template":"","format":"standard","meta":{"footnotes":""},"categories":[3],"tags":[1026,1025,525,1027,337,524,855,806,273,192,247,595,133,52],"class_list":["post-9835","post","type-post","status-publish","format-standard","has-post-thumbnail","hentry","category-al-dia","tag-andrea-collao","tag-esteban-valenzuela","tag-felipe-donoso","tag-frambuesas","tag-informacion","tag-juan-antonio-coloma","tag-minagri","tag-ministro-de-agricultura","tag-noticias","tag-politica","tag-region-de-los-lagos","tag-sag","tag-semanario-local","tag-udi"],"_links":{"self":[{"href":"https:\/\/www.semanariolocal.cl\/index.php?rest_route=\/wp\/v2\/posts\/9835","targetHints":{"allow":["GET"]}}],"collection":[{"href":"https:\/\/www.semanariolocal.cl\/index.php?rest_route=\/wp\/v2\/posts"}],"about":[{"href":"https:\/\/www.semanariolocal.cl\/index.php?rest_route=\/wp\/v2\/types\/post"}],"author":[{"embeddable":true,"href":"https:\/\/www.semanariolocal.cl\/index.php?rest_route=\/wp\/v2\/users\/1"}],"replies":[{"embeddable":true,"href":"https:\/\/www.semanariolocal.cl\/index.php?rest_route=%2Fwp%2Fv2%2Fcomments&post=9835"}],"version-history":[{"count":1,"href":"https:\/\/www.semanariolocal.cl\/index.php?rest_route=\/wp\/v2\/posts\/9835\/revisions"}],"predecessor-version":[{"id":9837,"href":"https:\/\/www.semanariolocal.cl\/index.php?rest_route=\/wp\/v2\/posts\/9835\/revisions\/9837"}],"wp:featuredmedia":[{"embeddable":true,"href":"https:\/\/www.semanariolocal.cl\/index.php?rest_route=\/wp\/v2\/media\/9836"}],"wp:attachment":[{"href":"https:\/\/www.semanariolocal.cl\/index.php?rest_route=%2Fwp%2Fv2%2Fmedia&parent=9835"}],"wp:term":[{"taxonomy":"category","embeddable":true,"href":"https:\/\/www.semanariolocal.cl\/index.php?rest_route=%2Fwp%2Fv2%2Fcategories&post=9835"},{"taxonomy":"post_tag","embeddable":true,"href":"https:\/\/www.semanariolocal.cl\/index.php?rest_route=%2Fwp%2Fv2%2Ftags&post=9835"}],"curies":[{"name":"wp","href":"https:\/\/api.w.org\/{rel}","templated":true}]}}