{"id":9801,"date":"2022-12-03T08:42:00","date_gmt":"2022-12-03T11:42:00","guid":{"rendered":"https:\/\/www.semanariolocal.cl\/?p=9801"},"modified":"2022-12-04T00:26:44","modified_gmt":"2022-12-04T03:26:44","slug":"techo-chile-cumple-25-anos-e-inicia-campana-de-recaudacion-de-fondos","status":"publish","type":"post","link":"https:\/\/www.semanariolocal.cl\/?p=9801","title":{"rendered":"TECHO-Chile cumple 25 a\u00f1os e inicia campa\u00f1a de recaudaci\u00f3n de Fondos"},"content":{"rendered":"\n<p>El 2, 3 y 4 de diciembre, por segundo a\u00f1o consecutivo, la colecta nacional de TECHO-Chile regresar\u00e1 a las calles de manera presencial, con cerca de dos mil voluntarios desplegados a lo largo de todo Chile y adem\u00e1s se podr\u00e1n realizar aportes en www.techochile.org\/colecta.<\/p>\n\n\n\n<p>En esta ocasi\u00f3n, la instancia tiene una connotaci\u00f3n especial porque TECHO est\u00e1 cumpliendo 25 a\u00f1os de vida, en el contexto de una severa emergencia habitacional, que no se registraba desde hace exactamente un cuarto de siglo.<\/p>\n\n\n\n<p>Ad portas de esta campa\u00f1a de recaudaci\u00f3n, la organizaci\u00f3n dio a conocer nuevas estimaciones de su pr\u00f3ximo Catastro Techo 2022-2023, que dan cuenta que existen m\u00e1s de mil campamentos en Chile y m\u00e1s de cien mil familias viviendo en ellos, bajo duras condiciones de vida y en asentamientos expuestos a una serie de amenazas. Otro dato alarmante es que m\u00e1s de 55 mil menores de 14 a\u00f1os habitan en estos asentamientos a nivel nacional. Las regiones de Arica (38,1%), Antofagasta (34,2%) y Araucan\u00eda (32,6%), lideran las zonas con mayor cantidad de ni\u00f1os y ni\u00f1as viviendo en esta condici\u00f3n.<\/p>\n\n\n\n<p>Recientemente adem\u00e1s, el Centro de Estudios Socio-territoriales de TECHO-Chile, public\u00f3 su Informe de Riesgos en Campamentos para zona centro y norte del pa\u00eds junto a Cigiden, revelando que un 93% de los campamentos y 62.063 familias que habitan en este tipo de asentamientos se encuentran expuestos a amenazas graves, como inundaciones, sismos, incendios forestales y sequ\u00eda.<\/p>\n\n\n\n<h4 class=\"wp-block-heading\">Colecta TECHO 25A\u00f1os<\/h4>\n\n\n\n<p>Adem\u00e1s de los miles de voluntarios que recorrer\u00e1n las calles en las principales ciudades de diversas regiones de Chile el 2, 3 y 4 de diciembre, se podr\u00e1n realizar donaciones de manera digital en  www.techochile.org\/colecta.<\/p>\n\n\n\n<p>El dinero recaudado en la #ColectaTECHO25a\u00f1os permitir\u00e1 financiar proyectos comunitarios y habitacionales, que buscan mejorar las condiciones de vida de miles de familias en emergencia habitacional y acompa\u00f1arlas en su camino hacia la formalidad. \u00bfC\u00f3mo se puede aportar?<\/p>\n\n\n\n<p>En el sitio web www.techochile.org\/colecta se pueden realizar donaciones digitales, y el viernes 2, s\u00e1bado 3 y domingo 4 de diciembre se podr\u00e1 aportar directamente a los voluntarios con alcanc\u00edas y pecheras color celeste con la palabra TECHO, que estar\u00e1n desplegados en las calles de distintas ciudades de todo Chile.<\/p>\n","protected":false},"excerpt":{"rendered":"<p>En medio de una severa crisis habitacional, con m\u00e1s de 100 mil familias viviendo en esta situaci\u00f3n en todo Chile -de acuerdo a nuevas estimaciones de la organizaci\u00f3n-, la campa\u00f1a buscar\u00e1 sensibilizar a la poblaci\u00f3n acerca de la magnitud de la emergencia habitacional actual y la importancia de abordarla de manera urgente.<\/p>\n","protected":false},"author":1,"featured_media":9802,"comment_status":"closed","ping_status":"closed","sticky":false,"template":"","format":"standard","meta":{"footnotes":""},"categories":[3],"tags":[337,273,247,133,1006],"class_list":["post-9801","post","type-post","status-publish","format-standard","has-post-thumbnail","hentry","category-al-dia","tag-informacion","tag-noticias","tag-region-de-los-lagos","tag-semanario-local","tag-techo-chile"],"_links":{"self":[{"href":"https:\/\/www.semanariolocal.cl\/index.php?rest_route=\/wp\/v2\/posts\/9801","targetHints":{"allow":["GET"]}}],"collection":[{"href":"https:\/\/www.semanariolocal.cl\/index.php?rest_route=\/wp\/v2\/posts"}],"about":[{"href":"https:\/\/www.semanariolocal.cl\/index.php?rest_route=\/wp\/v2\/types\/post"}],"author":[{"embeddable":true,"href":"https:\/\/www.semanariolocal.cl\/index.php?rest_route=\/wp\/v2\/users\/1"}],"replies":[{"embeddable":true,"href":"https:\/\/www.semanariolocal.cl\/index.php?rest_route=%2Fwp%2Fv2%2Fcomments&post=9801"}],"version-history":[{"count":1,"href":"https:\/\/www.semanariolocal.cl\/index.php?rest_route=\/wp\/v2\/posts\/9801\/revisions"}],"predecessor-version":[{"id":9803,"href":"https:\/\/www.semanariolocal.cl\/index.php?rest_route=\/wp\/v2\/posts\/9801\/revisions\/9803"}],"wp:featuredmedia":[{"embeddable":true,"href":"https:\/\/www.semanariolocal.cl\/index.php?rest_route=\/wp\/v2\/media\/9802"}],"wp:attachment":[{"href":"https:\/\/www.semanariolocal.cl\/index.php?rest_route=%2Fwp%2Fv2%2Fmedia&parent=9801"}],"wp:term":[{"taxonomy":"category","embeddable":true,"href":"https:\/\/www.semanariolocal.cl\/index.php?rest_route=%2Fwp%2Fv2%2Fcategories&post=9801"},{"taxonomy":"post_tag","embeddable":true,"href":"https:\/\/www.semanariolocal.cl\/index.php?rest_route=%2Fwp%2Fv2%2Ftags&post=9801"}],"curies":[{"name":"wp","href":"https:\/\/api.w.org\/{rel}","templated":true}]}}