{"id":9795,"date":"2022-12-04T07:35:00","date_gmt":"2022-12-04T10:35:00","guid":{"rendered":"https:\/\/www.semanariolocal.cl\/?p=9795"},"modified":"2022-12-04T00:13:29","modified_gmt":"2022-12-04T03:13:29","slug":"dia-internacional-de-la-discapacidad","status":"publish","type":"post","link":"https:\/\/www.semanariolocal.cl\/?p=9795","title":{"rendered":"<strong>D\u00eda internacional de la discapacidad<\/strong>"},"content":{"rendered":"\n<p>Seg\u00fan cifras del Banco Mundial* 85 millones de personas en Am\u00e9rica Latina y el Caribe tienen alg\u00fan tipo de discapacidad, lo que equivale a 14,7% de la poblaci\u00f3n total.<\/p>\n\n\n\n<p>Desde hace 30 a\u00f1os, cada 3 de diciembre se conmemora \u00abUn d\u00eda para todos\u00bb para que logremos reflexionar y dejar de mirar a las personas con discapacidad desde el asistencialismo y reconozcamos que &nbsp;muchos de ellos pueden realizar labores de manera aut\u00f3noma y productiva seg\u00fan sus capacidades.<\/p>\n\n\n\n<p>La Ley de Inclusi\u00f3n Laboral de Personas con Discapacidad 21.015, vigente en Chile desde 2018, cre\u00f3 espacios de trabajo que sin duda se vieron mermados por la pandemia. Las empresas, por tanto, deben volver a poner foco en reactivar la cuota que por obligaci\u00f3n deben cumplir. Sin embargo, la invitaci\u00f3n sigue siendo a ir m\u00e1s all\u00e1, para identificar las capacidades de cada persona y ofrecerles un trabajo digno como a cualquier otro colaborador.<\/p>\n\n\n\n<p>Este 3 de diciembre tambi\u00e9n es una oportunidad para reflexionar sobre c\u00f3mo incluir a las personas con discapacidad en otros \u00e1mbitos de la vida. Ejemplo de ello es la&nbsp; Ley N\u00b020.422 que establece normas sobre igualdad de oportunidades e inclusi\u00f3n social de las personas con discapacidad, basando sus principios en vida independiente, accesibilidad universal, participaci\u00f3n y di\u00e1logo social.<\/p>\n\n\n\n<p>La pregunta es cu\u00e1nto hemos avanzado en este \u00e1mbito, qu\u00e9 hemos construido como sociedad para ofrecerle a este colectivo que les permita tener una vida plena. Somos nosotros los \u00fanicos encargados de hacer de la inclusi\u00f3n algo concreto desde la empat\u00eda y la humanizaci\u00f3n no solo un d\u00eda al a\u00f1o, sino que todos los d\u00edas.<\/p>\n\n\n\n<p><strong>Por Cristina Gil, directora Centro Barlovento<\/strong><\/p>\n\n\n\n<p class=\"has-small-font-size\">*https:\/\/www.bancomundial.org\/es\/news\/press-release\/2021\/12\/02\/la-inclusion-de-las-personas-con-discapacidad-clave-para-el-desarrollo-sostenible-de-america-latina-y-el-caribe<\/p>\n","protected":false},"excerpt":{"rendered":"<p>La Ley de Inclusi\u00f3n Laboral de Personas con Discapacidad 21.015, vigente en Chile desde 2018, cre\u00f3 espacios de trabajo que sin duda se vieron mermados por la pandemia.<\/p>\n","protected":false},"author":1,"featured_media":9796,"comment_status":"closed","ping_status":"closed","sticky":false,"template":"","format":"standard","meta":{"footnotes":""},"categories":[3],"tags":[],"class_list":["post-9795","post","type-post","status-publish","format-standard","has-post-thumbnail","hentry","category-al-dia"],"_links":{"self":[{"href":"https:\/\/www.semanariolocal.cl\/index.php?rest_route=\/wp\/v2\/posts\/9795","targetHints":{"allow":["GET"]}}],"collection":[{"href":"https:\/\/www.semanariolocal.cl\/index.php?rest_route=\/wp\/v2\/posts"}],"about":[{"href":"https:\/\/www.semanariolocal.cl\/index.php?rest_route=\/wp\/v2\/types\/post"}],"author":[{"embeddable":true,"href":"https:\/\/www.semanariolocal.cl\/index.php?rest_route=\/wp\/v2\/users\/1"}],"replies":[{"embeddable":true,"href":"https:\/\/www.semanariolocal.cl\/index.php?rest_route=%2Fwp%2Fv2%2Fcomments&post=9795"}],"version-history":[{"count":1,"href":"https:\/\/www.semanariolocal.cl\/index.php?rest_route=\/wp\/v2\/posts\/9795\/revisions"}],"predecessor-version":[{"id":9797,"href":"https:\/\/www.semanariolocal.cl\/index.php?rest_route=\/wp\/v2\/posts\/9795\/revisions\/9797"}],"wp:featuredmedia":[{"embeddable":true,"href":"https:\/\/www.semanariolocal.cl\/index.php?rest_route=\/wp\/v2\/media\/9796"}],"wp:attachment":[{"href":"https:\/\/www.semanariolocal.cl\/index.php?rest_route=%2Fwp%2Fv2%2Fmedia&parent=9795"}],"wp:term":[{"taxonomy":"category","embeddable":true,"href":"https:\/\/www.semanariolocal.cl\/index.php?rest_route=%2Fwp%2Fv2%2Fcategories&post=9795"},{"taxonomy":"post_tag","embeddable":true,"href":"https:\/\/www.semanariolocal.cl\/index.php?rest_route=%2Fwp%2Fv2%2Ftags&post=9795"}],"curies":[{"name":"wp","href":"https:\/\/api.w.org\/{rel}","templated":true}]}}