{"id":9717,"date":"2022-11-30T18:44:11","date_gmt":"2022-11-30T21:44:11","guid":{"rendered":"https:\/\/www.semanariolocal.cl\/?p=9717"},"modified":"2022-11-30T18:44:12","modified_gmt":"2022-11-30T21:44:12","slug":"proyecto-que-impulsa-uso-de-energias-renovables-es-aprobado-en-general","status":"publish","type":"post","link":"https:\/\/www.semanariolocal.cl\/?p=9717","title":{"rendered":"<strong><strong>Proyecto que\u00a0impulsa\u00a0uso de energ\u00edas renovables es aprobado\u00a0en general<\/strong><\/strong>"},"content":{"rendered":"\n<p>El&nbsp;proyecto&nbsp;de&nbsp;ley que impulsa la participaci\u00f3n de las energ\u00edas renovables en la matriz energ\u00e9tica nacional&nbsp;dio otro paso en el Congreso. La iniciativa presentada por&nbsp;el Ministerio de Energ\u00eda, y que busca ampliar la cuota de&nbsp;generaci\u00f3n con&nbsp;energ\u00edas&nbsp;limpias,&nbsp;fue aprobado en general&nbsp;y por unanimidad&nbsp;en&nbsp;la Comisi\u00f3n de Miner\u00eda y Energ\u00eda de la C\u00e1mara de Diputadas y Diputados.&nbsp;<\/p>\n\n\n\n<p>El ministro de&nbsp;Energ\u00eda, Diego&nbsp;Pardow,&nbsp;se mostr\u00f3 satisfecho con la aprobaci\u00f3n en general del proyecto.&nbsp;\u201cEsto nos permite ir avanzando en nuestra estrategia legislativa. Ahora se&nbsp;abre un plazo de indicaciones donde vamos a poder redoblar la apuesta con cuotas m\u00e1s ambiciosas y reglas m\u00e1s claras. Ojal\u00e1 cerrar el a\u00f1o con la aprobaci\u00f3n del proyecto en la C\u00e1mara de Diputados para posteriormente ir al Senado\u201d, afirm\u00f3.&nbsp;&nbsp;<\/p>\n\n\n\n<p>Previamente, el secretario de Estado&nbsp;dijo&nbsp;que el gobierno ingresar\u00e1 indicaciones para&nbsp;establecer una meta global de 40% de energ\u00edas renovables al 2030 y de un 30%&nbsp;por cada bloque horario.&nbsp;\u201cPor un lado, para que se aumente la participaci\u00f3n de energ\u00edas renovables y por otro, para que los peque\u00f1os medios de generaci\u00f3n distribuida sean m\u00e1s f\u00e1cilmente incorporados en nuestro sistema de distribuci\u00f3n\u201d,&nbsp;agreg\u00f3.&nbsp;<\/p>\n\n\n\n<p>La jornada del&nbsp;ministro&nbsp;Pardow&nbsp;en el Congreso&nbsp;tambi\u00e9n incluy\u00f3 su participaci\u00f3n&nbsp;en la Comisi\u00f3n de Miner\u00eda y Energ\u00eda del Senado, para&nbsp;dar&nbsp;a&nbsp;conocer&nbsp;la gesti\u00f3n de la cartera en el \u00e1mbito de la seguridad energ\u00e9tica, luego del anuncio de recorte en el env\u00edo de gas&nbsp;natural&nbsp;realizado por un proveedor internacional.&nbsp;<\/p>\n\n\n\n<p>En la instancia,&nbsp;la autoridad&nbsp;se\u00f1al\u00f3 que se encuentran monitoreando la situaci\u00f3n y analizando&nbsp;una serie de&nbsp;acciones que permitan asegurar la disponibilidad del suministro&nbsp;el\u00e9ctrico&nbsp;durante el pr\u00f3ximo a\u00f1o.&nbsp;<\/p>\n","protected":false},"excerpt":{"rendered":"<p>La iniciativa, que pretende aumentar la participaci\u00f3n de energ\u00edas limpias en nuestra matriz energ\u00e9tica, fue aprobada de manera un\u00e1nime en la Comisi\u00f3n de Miner\u00eda y Energ\u00eda de la C\u00e1mara.  <\/p>\n","protected":false},"author":1,"featured_media":9718,"comment_status":"closed","ping_status":"closed","sticky":false,"template":"","format":"standard","meta":{"footnotes":""},"categories":[3],"tags":[612,337,957,610,273,247,133],"class_list":["post-9717","post","type-post","status-publish","format-standard","has-post-thumbnail","hentry","category-al-dia","tag-electromovilidad","tag-informacion","tag-ministerio-de-energia","tag-ministro-de-energia","tag-noticias","tag-region-de-los-lagos","tag-semanario-local"],"_links":{"self":[{"href":"https:\/\/www.semanariolocal.cl\/index.php?rest_route=\/wp\/v2\/posts\/9717","targetHints":{"allow":["GET"]}}],"collection":[{"href":"https:\/\/www.semanariolocal.cl\/index.php?rest_route=\/wp\/v2\/posts"}],"about":[{"href":"https:\/\/www.semanariolocal.cl\/index.php?rest_route=\/wp\/v2\/types\/post"}],"author":[{"embeddable":true,"href":"https:\/\/www.semanariolocal.cl\/index.php?rest_route=\/wp\/v2\/users\/1"}],"replies":[{"embeddable":true,"href":"https:\/\/www.semanariolocal.cl\/index.php?rest_route=%2Fwp%2Fv2%2Fcomments&post=9717"}],"version-history":[{"count":1,"href":"https:\/\/www.semanariolocal.cl\/index.php?rest_route=\/wp\/v2\/posts\/9717\/revisions"}],"predecessor-version":[{"id":9719,"href":"https:\/\/www.semanariolocal.cl\/index.php?rest_route=\/wp\/v2\/posts\/9717\/revisions\/9719"}],"wp:featuredmedia":[{"embeddable":true,"href":"https:\/\/www.semanariolocal.cl\/index.php?rest_route=\/wp\/v2\/media\/9718"}],"wp:attachment":[{"href":"https:\/\/www.semanariolocal.cl\/index.php?rest_route=%2Fwp%2Fv2%2Fmedia&parent=9717"}],"wp:term":[{"taxonomy":"category","embeddable":true,"href":"https:\/\/www.semanariolocal.cl\/index.php?rest_route=%2Fwp%2Fv2%2Fcategories&post=9717"},{"taxonomy":"post_tag","embeddable":true,"href":"https:\/\/www.semanariolocal.cl\/index.php?rest_route=%2Fwp%2Fv2%2Ftags&post=9717"}],"curies":[{"name":"wp","href":"https:\/\/api.w.org\/{rel}","templated":true}]}}