{"id":9713,"date":"2022-11-28T11:45:00","date_gmt":"2022-11-28T14:45:00","guid":{"rendered":"https:\/\/www.semanariolocal.cl\/?p=9713"},"modified":"2022-11-29T22:36:04","modified_gmt":"2022-11-30T01:36:04","slug":"diputados-udi-cuestionan-acto-de-la-cam-en-la-universidad-de-concepcion","status":"publish","type":"post","link":"https:\/\/www.semanariolocal.cl\/?p=9713","title":{"rendered":"<strong>Diputados UDI cuestionan acto de la CAM en la Universidad de Concepci\u00f3n<\/strong>"},"content":{"rendered":"\n<p>Los diputados de la Bancada UDI, Sergio Bobadilla y Juan Manuel Fuenzalida, calificaron como \u201cins\u00f3lita\u201d la actividad que se realizar\u00e1 el pr\u00f3ximo 2 de diciembre en la Universidad de Concepci\u00f3n, donde la Coordinadora Arauco Malleco (CAM) relanzar\u00e1 un libro donde describen las t\u00e1cticas guerrilleras y terroristas que durante d\u00e9cadas han realizado en la Macrozona Sur, y en la que participar\u00e1 una integrante que hoy se encuentra formalizada por infracci\u00f3n a la Ley de Armas.<\/p>\n\n\n\n<p>Al respecto, los parlamentarios gremialistas acusaron al plantel universitario de \u201cestar validando la violencia como m\u00e9todo de acci\u00f3n pol\u00edtica\u201d al permitir que dicha organizaci\u00f3n terrorista -cuyo l\u00edder, H\u00e9ctor Llaitul, se encuentra en prisi\u00f3n preventiva por delitos contra la Ley de Seguridad Interior del Estado- realice actividades en sus dependencias, manifestando que \u201ces ins\u00f3lito que se le est\u00e9 dando tribuna a una agrupaci\u00f3n que durante d\u00e9cadas se ha dedicado a infundir terror en la zona sur\u201d.<\/p>\n\n\n\n<p>\u201cUno puede estar absolutamente de acuerdo con el pluralismo, la libertad de pensamiento y la independencia de las universidades de nuestro pa\u00eds, pero muy distinto es que ofrezcan sus dependencias para que se realice una actividad a cargo de una agrupaci\u00f3n terrorista como la CAM, que ha reivindicado como propio una serie de actos delictuales en la zona sur del pa\u00eds, declar\u00e1ndole incluso la guerra al Estado de Chile\u201d, cuestionaron los diputados de la UDI, insistiendo en que \u201cla \u00fanica finalidad de este tipo de encuentros es tratar de \u2018blanquear\u2019 los actos terroristas que cometen estas organizaciones, y de la cual la universidad se est\u00e1 volviendo c\u00f3mplice de manera indirecta\u201d.<\/p>\n\n\n\n<p>Por lo mismo, Bobadilla y Fuenzalida emplazaron al ministro de Educaci\u00f3n, Marco Antonio \u00c1vila, a intervenir en el desarrollo de la actividad, sobre todo considerando que el plantel recibe millonarios recursos p\u00fablicos debido a la gratuidad universitaria a la que acceden sus estudiantes.<\/p>\n\n\n\n<p>\u201cLlega a ser bastante inconsecuente que una universidad pueda invertir los recursos de la gratuidad en sus dependencias, para luego ofrecerlas a grupos terroristas como la CAM. Y no basta con que la instituci\u00f3n educacional se desmarque del fondo del acto, porque el solo hecho de prestar sus instalaciones lo involucra con los organizadores. Por eso es indispensable que el Mineduc no se quede de brazos cruzados y no trate de desentenderse de esta situaci\u00f3n, porque tambi\u00e9n tienen la responsabilidad de advertir sobre el grave error que se est\u00e1 cometiendo\u201d, se\u00f1alaron los parlamentarios UDI, reiterando que \u201cesperamos que se revierta esta decisi\u00f3n lo antes posible\u201d.<\/p>\n\n\n\n<p>\u201cLa universidad a\u00fan est\u00e1 a tiempo de suspender esta actividad y de no verse involucrados directamente en un acto de validaci\u00f3n de la violencia como m\u00e9todo de acci\u00f3n pol\u00edtica. Actualmente, el l\u00edder de la CAM se encuentra en prisi\u00f3n preventiva por cometer graves delitos, por lo tanto ninguna actividad relacionada con ellos debiese tener cabida en nuestro pa\u00eds\u201d, concluyeron.<\/p>\n","protected":false},"excerpt":{"rendered":"<p>Sergio Bobadilla y Juan Manuel Fuenzalida calificaron como \u201cins\u00f3lito\u201d que el plantel haya ofrecido sus dependencias para que la Coordinadora Arauco Malleco relance un libro donde describen las t\u00e1cticas guerrilleras y terroristas que han ejecutado en la Macrozona Sur. <\/p>\n","protected":false},"author":1,"featured_media":9714,"comment_status":"closed","ping_status":"closed","sticky":false,"template":"","format":"standard","meta":{"footnotes":""},"categories":[3],"tags":[],"class_list":["post-9713","post","type-post","status-publish","format-standard","has-post-thumbnail","hentry","category-al-dia"],"_links":{"self":[{"href":"https:\/\/www.semanariolocal.cl\/index.php?rest_route=\/wp\/v2\/posts\/9713","targetHints":{"allow":["GET"]}}],"collection":[{"href":"https:\/\/www.semanariolocal.cl\/index.php?rest_route=\/wp\/v2\/posts"}],"about":[{"href":"https:\/\/www.semanariolocal.cl\/index.php?rest_route=\/wp\/v2\/types\/post"}],"author":[{"embeddable":true,"href":"https:\/\/www.semanariolocal.cl\/index.php?rest_route=\/wp\/v2\/users\/1"}],"replies":[{"embeddable":true,"href":"https:\/\/www.semanariolocal.cl\/index.php?rest_route=%2Fwp%2Fv2%2Fcomments&post=9713"}],"version-history":[{"count":1,"href":"https:\/\/www.semanariolocal.cl\/index.php?rest_route=\/wp\/v2\/posts\/9713\/revisions"}],"predecessor-version":[{"id":9715,"href":"https:\/\/www.semanariolocal.cl\/index.php?rest_route=\/wp\/v2\/posts\/9713\/revisions\/9715"}],"wp:featuredmedia":[{"embeddable":true,"href":"https:\/\/www.semanariolocal.cl\/index.php?rest_route=\/wp\/v2\/media\/9714"}],"wp:attachment":[{"href":"https:\/\/www.semanariolocal.cl\/index.php?rest_route=%2Fwp%2Fv2%2Fmedia&parent=9713"}],"wp:term":[{"taxonomy":"category","embeddable":true,"href":"https:\/\/www.semanariolocal.cl\/index.php?rest_route=%2Fwp%2Fv2%2Fcategories&post=9713"},{"taxonomy":"post_tag","embeddable":true,"href":"https:\/\/www.semanariolocal.cl\/index.php?rest_route=%2Fwp%2Fv2%2Ftags&post=9713"}],"curies":[{"name":"wp","href":"https:\/\/api.w.org\/{rel}","templated":true}]}}