{"id":9708,"date":"2022-11-28T11:55:00","date_gmt":"2022-11-28T14:55:00","guid":{"rendered":"https:\/\/www.semanariolocal.cl\/?p=9708"},"modified":"2022-11-29T22:30:22","modified_gmt":"2022-11-30T01:30:22","slug":"18-mujeres-lideres-fueron-certificadas-como-agentes-preventivos-de-violencia","status":"publish","type":"post","link":"https:\/\/www.semanariolocal.cl\/?p=9708","title":{"rendered":"18 Mujeres l\u00edderes fueron certificadas como agentes preventivos de violencia"},"content":{"rendered":"\n<p>Se trat\u00f3 de la \u201cCertificaci\u00f3n de Agentes Preventivos de Violencia contra la Mujer\u201d, que se llev\u00f3 a cabo en la sala de evento de una conocida caja de compensaciones con la participaci\u00f3n de autoridades y mujeres que cumplieron exitosamente el programa de capacitaci\u00f3n dictado para 18 mujeres de diversas comunas de la provincia, como lo expres\u00f3 la directora regional de la mujer y equidad de g\u00e9nero, Kattia Galindo.<\/p>\n\n\n\n<p>\u201cDebimos &nbsp;suspender producto de la pandemia esta actividad, pero hoy nos reencontramos para poner punto final y destacar el rol de la mujer campesina e ind\u00edgena, que han sido muchas de ellas invisibilizada de la violencia\u201d, explic\u00f3<\/p>\n\n\n\n<p>Mientras tanto que, para la Consejera Nacional Ind\u00edgena y Concejal por la comuna de Osorno, Herta Ximena Lican, &nbsp;la certificaci\u00f3n fue una instancia muy provechosa ya que se valido de conocimiento a las mujeres del mundo rural que muchas veces guardan silencio, incluso por temas culturales, de los episodios de violencia f\u00edsica, psicol\u00f3gica e incluso econ\u00f3mica<\/p>\n\n\n\n<p>\u201cEl gobierno, en su participaci\u00f3n hacia las mujeres que habitan en la ruralidad, las que tienen relaci\u00f3n con fortalecer la autonom\u00eda econ\u00f3mica y f\u00edsica, de entregar herramientas para el emprendimiento, formaci\u00f3n y capacitaci\u00f3n, adem\u00e1s de socializar la oferta program\u00e1tica de los servicios que est\u00e1 directamente vinculada a sus necesidades, es un pilar fundamental en la presente gesti\u00f3n\u201d, explic\u00f3 la directora regional del Indap, Patricia Montaldo.<\/p>\n\n\n\n<p>Finalmente la Presidenta de la mesa de mujeres rurales de la provincia de Osorno, Mary Mancilla, destac\u00f3 la capacitaci\u00f3n de estos tres meses con los organismos ligados con el ministerio de agricultura que les permitir\u00e1 intervenir con familias que viven la terrible experiencia de ser v\u00edctimas de Violencia Intrafamiliar. \u201cSomos mujeres, muchas de nosotros solas, pero no estamos ajenas a la violencia en sus m\u00e1s variables posibilidades, pero ahora se nos han proporcionado las herramientas para colaborar con nuestras pares\u201d, dijo<\/p>\n","protected":false},"excerpt":{"rendered":"<p>Un total de 18 mujeres, dirigentes ind\u00edgenas y del mundo campesino pertenecientes a la provincia de Osorno, fueron distinguidas por el Servicio Nacional de la Mujer y equidad de g\u00e9nero, Instituto de Desarrollo Agropecuario, la Secretar\u00eda regional de Gobierno y representantes del Consejo Nacional de la Conadi.<\/p>\n","protected":false},"author":1,"featured_media":9709,"comment_status":"closed","ping_status":"closed","sticky":false,"template":"","format":"standard","meta":{"footnotes":""},"categories":[3],"tags":[954,810,337,273,247,133,955,953],"class_list":["post-9708","post","type-post","status-publish","format-standard","has-post-thumbnail","hentry","category-al-dia","tag-agentes-preventivos","tag-indap","tag-informacion","tag-noticias","tag-region-de-los-lagos","tag-semanario-local","tag-servicio-nacional-de-la-mujer","tag-violencia-de-genero"],"_links":{"self":[{"href":"https:\/\/www.semanariolocal.cl\/index.php?rest_route=\/wp\/v2\/posts\/9708","targetHints":{"allow":["GET"]}}],"collection":[{"href":"https:\/\/www.semanariolocal.cl\/index.php?rest_route=\/wp\/v2\/posts"}],"about":[{"href":"https:\/\/www.semanariolocal.cl\/index.php?rest_route=\/wp\/v2\/types\/post"}],"author":[{"embeddable":true,"href":"https:\/\/www.semanariolocal.cl\/index.php?rest_route=\/wp\/v2\/users\/1"}],"replies":[{"embeddable":true,"href":"https:\/\/www.semanariolocal.cl\/index.php?rest_route=%2Fwp%2Fv2%2Fcomments&post=9708"}],"version-history":[{"count":1,"href":"https:\/\/www.semanariolocal.cl\/index.php?rest_route=\/wp\/v2\/posts\/9708\/revisions"}],"predecessor-version":[{"id":9710,"href":"https:\/\/www.semanariolocal.cl\/index.php?rest_route=\/wp\/v2\/posts\/9708\/revisions\/9710"}],"wp:featuredmedia":[{"embeddable":true,"href":"https:\/\/www.semanariolocal.cl\/index.php?rest_route=\/wp\/v2\/media\/9709"}],"wp:attachment":[{"href":"https:\/\/www.semanariolocal.cl\/index.php?rest_route=%2Fwp%2Fv2%2Fmedia&parent=9708"}],"wp:term":[{"taxonomy":"category","embeddable":true,"href":"https:\/\/www.semanariolocal.cl\/index.php?rest_route=%2Fwp%2Fv2%2Fcategories&post=9708"},{"taxonomy":"post_tag","embeddable":true,"href":"https:\/\/www.semanariolocal.cl\/index.php?rest_route=%2Fwp%2Fv2%2Ftags&post=9708"}],"curies":[{"name":"wp","href":"https:\/\/api.w.org\/{rel}","templated":true}]}}