{"id":9681,"date":"2022-11-29T16:30:45","date_gmt":"2022-11-29T19:30:45","guid":{"rendered":"https:\/\/www.semanariolocal.cl\/?p=9681"},"modified":"2022-11-29T16:30:46","modified_gmt":"2022-11-29T19:30:46","slug":"se-inicia-el-periodo-de-postulacion-al-concurso-publico-fondeporte-2023","status":"publish","type":"post","link":"https:\/\/www.semanariolocal.cl\/?p=9681","title":{"rendered":"Se inicia el periodo de postulaci\u00f3n al Concurso P\u00fablico Fondeporte 2023"},"content":{"rendered":"\n<p>Hasta el lunes 26 de diciembre estar\u00e1 abierto &nbsp;el proceso de postulaci\u00f3n al concurso p\u00fablico FONDEPORTE 2023, fondo que el Instituto Nacional de Deportes tiene a disposici\u00f3n de las organizaciones deportivas.<\/p>\n\n\n\n<p>Las Bases Administrativas de dicho concurso, ya se encuentran disponibles en&nbsp;<a href=\"http:\/\/www.proyectosdeportivos.cl\/\" target=\"_blank\" rel=\"noreferrer noopener\">www.proyectosdeportivos.cl<\/a>, en el link Bases y Requisitos.<\/p>\n\n\n\n<p>La Seremi del Deporte, Carolina Urrutia, hizo un llamado a las entidades deportivas a participar en este proceso, mencionando que \u201clas organizaciones deportivas pueden revisar las bases de este concurso, postular y acceder a estos fondos que tiene a disposici\u00f3n el Instituto Nacional de Deportes, para entidades tanto p\u00fablicas como privadas a fin de obtener financiamiento para concretar iniciativas en beneficio de los deportistas y la comunidad organizada de los diferentes grupo etarios\u201d.<\/p>\n\n\n\n<p>Las categor\u00edas de postulaci\u00f3n son: Formaci\u00f3n para el Deporte, Deporte Recreativo, Deporte de Competici\u00f3n y Ciencias del Deporte. Asimismo, para participar cada entidad deportiva debe estar inscrita en el IND, tener su directorio vigente y no tener rendiciones de cuenta pendiente.<\/p>\n\n\n\n<p>Cabe indicar, que se puede solicitar m\u00e1s informaci\u00f3n o aclarar dudas escribiendo a los correos electr\u00f3nicos&nbsp;<a href=\"mailto:marcelo.rosas@ind.cl\" target=\"_blank\" rel=\"noreferrer noopener\">marcelo.rosas@ind.cl<\/a>&nbsp;o&nbsp;<a href=\"mailto:carlos.moraga@ind.cl\" target=\"_blank\" rel=\"noreferrer noopener\">carlos.moraga@ind.cl<\/a><\/p>\n","protected":false},"excerpt":{"rendered":"<p>Se trata de una herramienta de fomento deportivo importante para las organizaciones, que tiene como objetivo financiar total o parcialmente proyectos, programas, actividades y medidas de promoci\u00f3n, ejecuci\u00f3n, pr\u00e1ctica y desarrollo del deporte en sus diversas modalidades y manifestaciones.<\/p>\n","protected":false},"author":1,"featured_media":9682,"comment_status":"closed","ping_status":"closed","sticky":false,"template":"","format":"standard","meta":{"footnotes":""},"categories":[3],"tags":[450,530,59,337,63,836,273,113,247,133],"class_list":["post-9681","post","type-post","status-publish","format-standard","has-post-thumbnail","hentry","category-al-dia","tag-carolina-urrutia","tag-deportes","tag-ind","tag-informacion","tag-mindep","tag-mindep-los-lagos","tag-noticias","tag-puerto-montt","tag-region-de-los-lagos","tag-semanario-local"],"_links":{"self":[{"href":"https:\/\/www.semanariolocal.cl\/index.php?rest_route=\/wp\/v2\/posts\/9681","targetHints":{"allow":["GET"]}}],"collection":[{"href":"https:\/\/www.semanariolocal.cl\/index.php?rest_route=\/wp\/v2\/posts"}],"about":[{"href":"https:\/\/www.semanariolocal.cl\/index.php?rest_route=\/wp\/v2\/types\/post"}],"author":[{"embeddable":true,"href":"https:\/\/www.semanariolocal.cl\/index.php?rest_route=\/wp\/v2\/users\/1"}],"replies":[{"embeddable":true,"href":"https:\/\/www.semanariolocal.cl\/index.php?rest_route=%2Fwp%2Fv2%2Fcomments&post=9681"}],"version-history":[{"count":1,"href":"https:\/\/www.semanariolocal.cl\/index.php?rest_route=\/wp\/v2\/posts\/9681\/revisions"}],"predecessor-version":[{"id":9683,"href":"https:\/\/www.semanariolocal.cl\/index.php?rest_route=\/wp\/v2\/posts\/9681\/revisions\/9683"}],"wp:featuredmedia":[{"embeddable":true,"href":"https:\/\/www.semanariolocal.cl\/index.php?rest_route=\/wp\/v2\/media\/9682"}],"wp:attachment":[{"href":"https:\/\/www.semanariolocal.cl\/index.php?rest_route=%2Fwp%2Fv2%2Fmedia&parent=9681"}],"wp:term":[{"taxonomy":"category","embeddable":true,"href":"https:\/\/www.semanariolocal.cl\/index.php?rest_route=%2Fwp%2Fv2%2Fcategories&post=9681"},{"taxonomy":"post_tag","embeddable":true,"href":"https:\/\/www.semanariolocal.cl\/index.php?rest_route=%2Fwp%2Fv2%2Ftags&post=9681"}],"curies":[{"name":"wp","href":"https:\/\/api.w.org\/{rel}","templated":true}]}}