{"id":9638,"date":"2022-11-26T08:01:00","date_gmt":"2022-11-26T11:01:00","guid":{"rendered":"https:\/\/www.semanariolocal.cl\/?p=9638"},"modified":"2022-11-26T14:02:17","modified_gmt":"2022-11-26T17:02:17","slug":"oferta-laboral-y-de-ideas-se-abrio-a-estudiantes-y-egresados-tomasinos-la-semana-recien-pasada","status":"publish","type":"post","link":"https:\/\/www.semanariolocal.cl\/?p=9638","title":{"rendered":"<strong>Oferta laboral y de ideas se abri\u00f3 a estudiantes y egresados tomasinos la semana reci\u00e9n pasada<\/strong>"},"content":{"rendered":"\n<p>Entre el 22 y el 24 de noviembre y por primera vez de modo presencial, Santo Tom\u00e1s Puerto Montt desarrollo la Semana de la Empleabilidad, Emprendimiento e Innovaci\u00f3n, iniciativa que re\u00fane a estudiantes, egresados, emprendedores y expertos con el fin de compartir experiencias e ideas en torno a estas tem\u00e1ticas.<\/p>\n\n\n\n<p>Tomando en cuenta el complejo panorama laboral entre los j\u00f3venes, la actividad contempla una serie de charlas y mentor\u00edas online abiertas a toda la comunidad en la que se abordan diversas herramientas \u00fatiles para la b\u00fasqueda de empleo como: Uso de Linkedin, Comunicaci\u00f3n Efectiva en Entrevistas, Pitch en 3 minutos y Curr\u00edculum Ganador, entre otras atractivas ponencias.<\/p>\n\n\n\n<p>Eugenio Larra\u00edn Hern\u00e1ndez, rector de Instituciones Santo Tom\u00e1s sede Puerto Montt coment\u00f3 que \u201cesta actividad se est\u00e1 realizando a nivel nacional en todas las sedes, transversalmente a las tres instituciones y es muy importante para nuestros estudiantes porque se trata de una feria de innovaci\u00f3n, emprendimiento y de empleabilidad hecha para ellos con el apoyo enorme y muy relevante de las empresas que vienen a mostrar lo que ellos est\u00e1n produciendo y tambi\u00e9n d\u00e1ndole oportunidad a los alumnos de que las conozcan y tengan la posibilidad de postular posiblemente a trabajos dentro de esas mismas organizaciones\u201d.<\/p>\n\n\n\n<p>Larra\u00edn agreg\u00f3 que por otra parte \u201chay que resaltar que el emprendimiento es una forma de trabajo futura donde hay que tener cualidades para hacerlo, sabiendo que generar cosas nuevas tiene su riesgo, pero tambi\u00e9n da tremendas satisfacciones y esas posibilidades se las queremos entregar a nuestros estudiantes, el que entiendan que el emprender basado en innovaci\u00f3n es una tremenda oportunidad para su desarrollo laboral. Como Santo Tom\u00e1s lo que queremos es entregar estas posibilidades, con datos, con talleres, con informaci\u00f3n, con gente que tiene experiencia justamente para disminuir los riesgos y generar acciones tremendamente positivas y exitosas\u201d.<\/p>\n\n\n\n<p>Para Jaime Halabi Schettino, jefe de carrera de Contador Auditor de Instituto Profesional Santo Tom\u00e1s Puerto Montt esta es una oportunidad \u00fanica para los alumnos y la comunidad. \u201cNuestros estudiantes se preparan acad\u00e9micamente en nuestra casa de estudio, pero es muy importante poder relacionarse con el mundo laboral, empresarial y\/o desarrollar sus propios emprendimientos. Las empresas que hoy est\u00e1n presentes entregan una gran cantidad de trabajos en la zona, oportunidades laborales y son el motor y polo de desarrollo de nuestra provincia de Llanquihue y de la Isla Grande\u201d, puntualiz\u00f3.<\/p>\n\n\n\n<p><strong>Feria laboral y de emprendedores<\/strong><\/p>\n\n\n\n<p>La sede Puerto Montt de Santo Tom\u00e1s habilit\u00f3 stands de estudiantes y egresados emprendedores, as\u00ed como proyectos de innovaci\u00f3n social y empleadores. Asimismo, la iniciativa contempla la Feria Laboral Virtual 2022 en la que est\u00e1n disponibles m\u00e1s de 400 empleos a nivel nacional y que se extender\u00e1 hasta el 15 de diciembre.<\/p>\n\n\n\n<p>Yessenia Diez Vera, coordinadora de reclutamiento McDonald\u00b4s participa en la feria de empleabilidad con un stand donde se permite conocer la oferta disponible. \u201cNosotros ofrecemos empleos en diferentes tipos de jornada, orientados a chicos que estudian y puedan compatibilizar sus estudios con su trabajo. Es una muy buena oportunidad para comenzar una experiencia laboral, en un rubro quiz\u00e1s un poquito distinto a su preparaci\u00f3n, pero le sirve porque se contactan con clientes y van obteniendo pr\u00e1ctica\u201d, detall\u00f3<\/p>\n\n\n\n<p>Para Mabel Ruiz Ruiz, terapeuta ocupacional egresada de Universidad Santo Tom\u00e1s Puerto Montt y que junto a un grupo de amigas crearon Casa del Lago, espacio de desarrollo y salud mental ubicado en Puerto Varas y que participan de la feria de emprendedores, esta iniciativa les permite mostrar su trabajo a otros estudiantes y motivarlos a crear nuevas ideas. \u201cEsto nace bajo una necesidad de un grupo de amigas que nos juntamos con ganas de querer emprender y tener algo nuestro. Como todo al iniciar cuesta, pero siempre con mucho apoyo y bajo nuestras especializaciones que hemos ido haciendo, logramos actualmente contar con atenciones de lunes a s\u00e1bado, con alto flujo de pacientes, adem\u00e1s de capacitaciones y charlas con presencia tambi\u00e9n en colegios\u201d, dijo.<\/p>\n\n\n\n<p>Esta Semana de la Empleabilidad, Emprendimiento e Innovaci\u00f3n se desarrolla en dos horarios y concluye este jueves 23 de noviembre. La feria se ejecuta durante la ma\u00f1ana, de 10.00 a 14.30 horas para diurnos y de 18.00 a 20.30 para vespertinos.<\/p>\n","protected":false},"excerpt":{"rendered":"<p>La actividad cuenta con charlas y mentor\u00edas online para b\u00fasqueda de empleo, adem\u00e1s de una feria presencial donde empresas y emprendedores exhiben sus productos y ofrecen los cargos y vacantes disponibles.<\/p>\n","protected":false},"author":1,"featured_media":9639,"comment_status":"closed","ping_status":"closed","sticky":false,"template":"","format":"standard","meta":{"footnotes":""},"categories":[11],"tags":[77,337,273,923,113,247,133,373,329,922],"class_list":["post-9638","post","type-post","status-publish","format-standard","has-post-thumbnail","hentry","category-educacion","tag-educacion","tag-informacion","tag-noticias","tag-oferta-laboral","tag-puerto-montt","tag-region-de-los-lagos","tag-semanario-local","tag-universidad-santo-tomas","tag-ust","tag-ust-puerto-montt"],"_links":{"self":[{"href":"https:\/\/www.semanariolocal.cl\/index.php?rest_route=\/wp\/v2\/posts\/9638","targetHints":{"allow":["GET"]}}],"collection":[{"href":"https:\/\/www.semanariolocal.cl\/index.php?rest_route=\/wp\/v2\/posts"}],"about":[{"href":"https:\/\/www.semanariolocal.cl\/index.php?rest_route=\/wp\/v2\/types\/post"}],"author":[{"embeddable":true,"href":"https:\/\/www.semanariolocal.cl\/index.php?rest_route=\/wp\/v2\/users\/1"}],"replies":[{"embeddable":true,"href":"https:\/\/www.semanariolocal.cl\/index.php?rest_route=%2Fwp%2Fv2%2Fcomments&post=9638"}],"version-history":[{"count":1,"href":"https:\/\/www.semanariolocal.cl\/index.php?rest_route=\/wp\/v2\/posts\/9638\/revisions"}],"predecessor-version":[{"id":9640,"href":"https:\/\/www.semanariolocal.cl\/index.php?rest_route=\/wp\/v2\/posts\/9638\/revisions\/9640"}],"wp:featuredmedia":[{"embeddable":true,"href":"https:\/\/www.semanariolocal.cl\/index.php?rest_route=\/wp\/v2\/media\/9639"}],"wp:attachment":[{"href":"https:\/\/www.semanariolocal.cl\/index.php?rest_route=%2Fwp%2Fv2%2Fmedia&parent=9638"}],"wp:term":[{"taxonomy":"category","embeddable":true,"href":"https:\/\/www.semanariolocal.cl\/index.php?rest_route=%2Fwp%2Fv2%2Fcategories&post=9638"},{"taxonomy":"post_tag","embeddable":true,"href":"https:\/\/www.semanariolocal.cl\/index.php?rest_route=%2Fwp%2Fv2%2Ftags&post=9638"}],"curies":[{"name":"wp","href":"https:\/\/api.w.org\/{rel}","templated":true}]}}