{"id":9552,"date":"2022-11-23T07:56:00","date_gmt":"2022-11-23T10:56:00","guid":{"rendered":"https:\/\/www.semanariolocal.cl\/?p=9552"},"modified":"2022-11-23T11:22:28","modified_gmt":"2022-11-23T14:22:28","slug":"udi-exige-a-minagri-mejorar-condiciones-de-guardaparques-advierten-interpelacion","status":"publish","type":"post","link":"https:\/\/www.semanariolocal.cl\/?p=9552","title":{"rendered":"UDI exige a Minagri mejorar condiciones de guardaparques: advierten interpelaci\u00f3n"},"content":{"rendered":"\n<p class=\"wp-block-paragraph\">A ra\u00edz de la extensa movilizaci\u00f3n que mantienen los guardaparques de la Corporaci\u00f3n Nacional Forestal (Conaf), y que s\u00f3lo se ha resuelto en regiones como Magallanes, adem\u00e1s de la seguidilla de incendios forestales que se han producido en el pa\u00eds, los diputados de la UDI, Juan Antonio Coloma y Felipe Donoso, advirtieron una posible interpelaci\u00f3n en contra del ministro de Agricultura, Esteban Valenzuela, si es que en las pr\u00f3ximas horas no anuncia mejoras en las condiciones laborales y econ\u00f3micas de los trabajadores, adem\u00e1s de un aumento en los recursos para el pr\u00f3ximo a\u00f1o.<\/p>\n\n\n\n<p class=\"wp-block-paragraph\">Cabe recordar que durante la semana pasada, los parlamentarios gremialistas cuestionaron duramente el presupuesto 2023 de dicha cartera, asegurando que el incremento de s\u00f3lo un 1,1% que mencion\u00f3 el Gobierno \u201ces meramente artificial\u201d, por cuanto incluir\u00eda los recursos que desde el Ministerio del Interior se transfirieron para combatir justamente los incendios forestales que se produzcan en el pa\u00eds, los que a\u00fan siguen siendo insuficientes para enfrentar la temporada.<\/p>\n\n\n\n<p class=\"wp-block-paragraph\">Por lo mismo, y tras m\u00e1s de 20 d\u00edas de movilizaci\u00f3n, Coloma y Donoso -quienes integran la comisi\u00f3n de Agricultura de la C\u00e1mara de Diputados- aseguraron que \u201csi el ministro Valenzuela no aparece en las pr\u00f3ximas horas con una propuesta real que permita mejorar las condiciones laborales y econ\u00f3micas de todos los guardaparques de la Conaf, y si tampoco mejora el presupuesto de su cartera para el pr\u00f3ximo a\u00f1o, espec\u00edficamente en materia de incendios forestales, tendr\u00e1 que darse por notificado que como bancada iniciaremos todas las gestiones para interpelarlo\u201d.<\/p>\n\n\n\n<p class=\"wp-block-paragraph\">\u201cHan pasado m\u00e1s de tres semanas desde que comenz\u00f3 la paralizaci\u00f3n y a la fecha a\u00fan no conocemos una propuesta real y seria que el ministro de Agricultura le haya ofrecido a los trabajadores de la Conaf. Estamos hablando de que el sueldo de m\u00e1s de un 60% de los funcionarios no alcanza a llegar a los $450 mil pesos al mes, pese a que cumplen importantes tareas de conservaci\u00f3n y administrativas, conviviendo siempre con una baja dotaci\u00f3n\u201d, criticaron los diputados UDI.<\/p>\n\n\n\n<p class=\"wp-block-paragraph\">En esa l\u00ednea, Coloma y Donoso agregaron que \u201cproducto de la indiferencia que ha demostrado el Gobierno, hay alrededor de 40 parques y \u00e1reas protegidas en el pa\u00eds que se mantienen cerradas, justo en la \u00e9poca donde empiezan a acudir m\u00e1s visitantes\u201d, por lo que insistieron en que \u201csi el ministro se mantiene mirando hacia el costado, relegando a un segundo plano las demandas de los guardaparques y se mantiene perpetuo frente a la temporada de incendios, vamos a interpelarlo\u201d.<\/p>\n\n\n\n<p class=\"wp-block-paragraph\">\u201cLo que aqu\u00ed ha existido es una absoluta indiferencia por parte del Gobierno en relaci\u00f3n con los funcionarios de la Conaf. Las autoridades se han mantenido de brazos cruzados y no han atendido las demandas de los guardaparques. Tuvieron la oportunidad de mejorar sus condiciones a trav\u00e9s de la Ley de Presupuesto 2023, como tambi\u00e9n aumentar los recursos para combatir los incendios, pero la desaprovecharon. Por lo tanto, vamos a ejercer todas las acciones que tengamos a nuestro alcance para hacer valer la responsabilidad pol\u00edtica del ministro\u201d, reiteraron los gremialistas.<\/p>\n","protected":false},"excerpt":{"rendered":"<p>Los diputados Juan Antonio Coloma y Felipe Donoso anunciaron distintas acciones mientras no se resuelvan las demandas y no se incremente el presupuesto de la pr\u00f3xima temporada. <\/p>\n","protected":false},"author":1,"featured_media":9553,"comment_status":"closed","ping_status":"closed","sticky":false,"template":"","format":"standard","meta":{"footnotes":""},"categories":[3,6],"tags":[583,875,337,524,273,874,247,133],"class_list":["post-9552","post","type-post","status-publish","format-standard","has-post-thumbnail","hentry","category-al-dia","category-politica","tag-conaf","tag-guardaparques","tag-informacion","tag-juan-antonio-coloma","tag-noticias","tag-parques-nacionales","tag-region-de-los-lagos","tag-semanario-local"],"_links":{"self":[{"href":"https:\/\/www.semanariolocal.cl\/index.php?rest_route=\/wp\/v2\/posts\/9552","targetHints":{"allow":["GET"]}}],"collection":[{"href":"https:\/\/www.semanariolocal.cl\/index.php?rest_route=\/wp\/v2\/posts"}],"about":[{"href":"https:\/\/www.semanariolocal.cl\/index.php?rest_route=\/wp\/v2\/types\/post"}],"author":[{"embeddable":true,"href":"https:\/\/www.semanariolocal.cl\/index.php?rest_route=\/wp\/v2\/users\/1"}],"replies":[{"embeddable":true,"href":"https:\/\/www.semanariolocal.cl\/index.php?rest_route=%2Fwp%2Fv2%2Fcomments&post=9552"}],"version-history":[{"count":1,"href":"https:\/\/www.semanariolocal.cl\/index.php?rest_route=\/wp\/v2\/posts\/9552\/revisions"}],"predecessor-version":[{"id":9554,"href":"https:\/\/www.semanariolocal.cl\/index.php?rest_route=\/wp\/v2\/posts\/9552\/revisions\/9554"}],"wp:featuredmedia":[{"embeddable":true,"href":"https:\/\/www.semanariolocal.cl\/index.php?rest_route=\/wp\/v2\/media\/9553"}],"wp:attachment":[{"href":"https:\/\/www.semanariolocal.cl\/index.php?rest_route=%2Fwp%2Fv2%2Fmedia&parent=9552"}],"wp:term":[{"taxonomy":"category","embeddable":true,"href":"https:\/\/www.semanariolocal.cl\/index.php?rest_route=%2Fwp%2Fv2%2Fcategories&post=9552"},{"taxonomy":"post_tag","embeddable":true,"href":"https:\/\/www.semanariolocal.cl\/index.php?rest_route=%2Fwp%2Fv2%2Ftags&post=9552"}],"curies":[{"name":"wp","href":"https:\/\/api.w.org\/{rel}","templated":true}]}}