{"id":9515,"date":"2022-11-20T08:10:00","date_gmt":"2022-11-20T11:10:00","guid":{"rendered":"https:\/\/www.semanariolocal.cl\/?p=9515"},"modified":"2022-11-19T23:18:30","modified_gmt":"2022-11-20T02:18:30","slug":"novela-malamente","status":"publish","type":"post","link":"https:\/\/www.semanariolocal.cl\/?p=9515","title":{"rendered":"Novela: MalaMente"},"content":{"rendered":"\n<p><strong><em>MalaMente<\/em><\/strong>&nbsp;es el juego de palabras con el que Gabriel Dukes titula su \u00f3pera prima, \u201cuna novela quir\u00fargica que examina las fronteras m\u00e1s oscuras de la mente\u201d, como la describi\u00f3 el escritor Pablo Az\u00f3car. Y es que&nbsp;<strong><em>MalaMente<\/em><\/strong>&nbsp;es un libro que remece, que hace reflexionar sobre la vida, sobre las relaciones que entablamos con otras personas y con nuestros propios padres.<\/p>\n\n\n\n<p>Durante la presentaci\u00f3n del libro, el abogado y rector de la Universidad Diego Portales, Carlos Pe\u00f1a, destac\u00f3 que \u201csus p\u00e1ginas son muy hipn\u00f3ticas. Los lectores se van a encontrar con una novela cuya trama es, como suele ocurrir con las buenas novelas, muy entretenida, pero que al mismo tiempo logra ficcionar el quehacer del psicoanalista en la relaci\u00f3n con el paciente. Se puede leer en dos niveles, como una mera ficci\u00f3n o tambi\u00e9n para asomarse a los vericuetos del trabajo del an\u00e1lisis. Sin ninguna duda, la recomiendo\u201d.<\/p>\n\n\n\n<p><strong><em>MalaMente<\/em><\/strong>&nbsp;se centra en Lev, un psiquiatra que decide tratar a un oficial de ej\u00e9rcito con un oscuro pasado a quien le quedan pocos meses de vida. Luego de su muerte, el doctor acepta en su consulta al hijo del militar, convencido de que posee las claves para curar a un ser humano inocente y traumatizado, sin advertir que quedar\u00e1 atrapado en una red en la que su propia biograf\u00eda se confundir\u00e1 con la de su paciente.<\/p>\n\n\n\n<p>\u201cEs un viaje hacia el interior de las personas y, de alguna manera, a la posibilidad de explorarse uno mismo. Yo estoy seguro de que no hay nadie que no se vaya a encontrar en la novela con alg\u00fan aspecto propio y, por lo tanto, que lo va a hacer pensar. Tambi\u00e9n muestra c\u00f3mo funciona la mente de un psicoanalista, la transmisi\u00f3n transgeneracional, el empobrecimiento que producen algunas conductas en los seres humanos y las relaciones de los padres con los hijos, donde se va mostrando la vulnerabilidad y la precariedad humana\u201d, indica Gabriel Dukes.<\/p>\n\n\n\n<p>Su intensidad y agilidad narrativa invitan a leer sin parar desde la primera hasta la \u00faltima letra. \u201cLlegu\u00e9 a la p\u00e1gina 253 con un estado an\u00edmico de mucha ansiedad y con el deseo de saber c\u00f3mo este muy buen escritor era capaz de dejar a un lector con el alma en un hilo\u201d, dijo en el lanzamiento del libro el escritor y cr\u00edtico literario, Mario Valdovinos.<\/p>\n\n\n\n<p>Gabriel Dukes Cohen (Temuco, Chile) es m\u00e9dico psiquiatra de la Universidad de Chile y psicoanalista de la Asociaci\u00f3n Psicoanal\u00edtica de Chile (APCH). Fue miembro del comit\u00e9 humanitario de la IPA (International Psychoanalytical Association) y vicepresidente del Vaad Hajinuj, instancia que dirige la educaci\u00f3n jud\u00eda de Chile.<\/p>\n\n\n\n<p>Se desempe\u00f1\u00f3 como columnista de la Revista Viernes del diario La Segunda, donde comenz\u00f3 a escribir historias ficticias de pacientes, d\u00e1ndole vida al doctor Lev, psiquiatra y psicoanalista que posteriormente dio origen al protagonista del libro&nbsp;<strong><em>MalaMente<\/em><\/strong>.<\/p>\n\n\n\n<p><strong><em>MalaMente<\/em><\/strong>&nbsp;es la primera parte de una saga que incluye otras dos novelas que ser\u00e1n publicadas pronto. Ya est\u00e1 a la venta en&nbsp;<a href=\"https:\/\/boletines.editorialforja.cl\/c\/zd0dj\/lquslj5e\/zyvj3u2m1jc\" target=\"_blank\" rel=\"noreferrer noopener\">www.editorialforja.cl<\/a>, en las principales librer\u00edas del pa\u00eds y tambi\u00e9n en formato&nbsp;<em>ebook<\/em>&nbsp;en las principales tiendas del ramo.<\/p>\n","protected":false},"excerpt":{"rendered":"<p>Editorial Forja acaba de presentar la novela MalaMente del escritor y psiquiatra Gabriel Dukes. Un libro fascinante y entretenido, que envolver\u00e1 a los lectores en el mundo del psicoan\u00e1lisis, con una historia \u00edntima y transformadora que no dejar\u00e1 indiferente a nadie.<\/p>\n","protected":false},"author":1,"featured_media":9516,"comment_status":"closed","ping_status":"closed","sticky":false,"template":"","format":"standard","meta":{"footnotes":""},"categories":[3,10],"tags":[107,844,337,846,273,845,247,133],"class_list":["post-9515","post","type-post","status-publish","format-standard","has-post-thumbnail","hentry","category-al-dia","category-cultura","tag-cultura","tag-gabriel-dukes","tag-informacion","tag-mala-mente","tag-noticias","tag-pablo-azocar","tag-region-de-los-lagos","tag-semanario-local"],"_links":{"self":[{"href":"https:\/\/www.semanariolocal.cl\/index.php?rest_route=\/wp\/v2\/posts\/9515","targetHints":{"allow":["GET"]}}],"collection":[{"href":"https:\/\/www.semanariolocal.cl\/index.php?rest_route=\/wp\/v2\/posts"}],"about":[{"href":"https:\/\/www.semanariolocal.cl\/index.php?rest_route=\/wp\/v2\/types\/post"}],"author":[{"embeddable":true,"href":"https:\/\/www.semanariolocal.cl\/index.php?rest_route=\/wp\/v2\/users\/1"}],"replies":[{"embeddable":true,"href":"https:\/\/www.semanariolocal.cl\/index.php?rest_route=%2Fwp%2Fv2%2Fcomments&post=9515"}],"version-history":[{"count":1,"href":"https:\/\/www.semanariolocal.cl\/index.php?rest_route=\/wp\/v2\/posts\/9515\/revisions"}],"predecessor-version":[{"id":9517,"href":"https:\/\/www.semanariolocal.cl\/index.php?rest_route=\/wp\/v2\/posts\/9515\/revisions\/9517"}],"wp:featuredmedia":[{"embeddable":true,"href":"https:\/\/www.semanariolocal.cl\/index.php?rest_route=\/wp\/v2\/media\/9516"}],"wp:attachment":[{"href":"https:\/\/www.semanariolocal.cl\/index.php?rest_route=%2Fwp%2Fv2%2Fmedia&parent=9515"}],"wp:term":[{"taxonomy":"category","embeddable":true,"href":"https:\/\/www.semanariolocal.cl\/index.php?rest_route=%2Fwp%2Fv2%2Fcategories&post=9515"},{"taxonomy":"post_tag","embeddable":true,"href":"https:\/\/www.semanariolocal.cl\/index.php?rest_route=%2Fwp%2Fv2%2Ftags&post=9515"}],"curies":[{"name":"wp","href":"https:\/\/api.w.org\/{rel}","templated":true}]}}