{"id":9424,"date":"2022-11-16T12:14:53","date_gmt":"2022-11-16T15:14:53","guid":{"rendered":"https:\/\/www.semanariolocal.cl\/?p=9424"},"modified":"2022-11-16T12:14:54","modified_gmt":"2022-11-16T15:14:54","slug":"condenan-a-empresa-cultivos-yadran-a-pagar-millonaria-multa","status":"publish","type":"post","link":"https:\/\/www.semanariolocal.cl\/?p=9424","title":{"rendered":"Condenan a empresa Cultivos Yadran a pagar millonaria multa"},"content":{"rendered":"\n<p>La Corte de Apelaciones de Ays\u00e9n fall\u00f3 a favor del Servicio Nacional de Pesca y Acuicultura (SERNAPESCA) y conden\u00f3 a la empresa CULTIVOS YADRAN S.A a pagar una multa de 500 UTM por entrega de informaci\u00f3n no fidedigna y 50 UTM por realizar tratamiento antiparasitario fuera de la fecha asignada por SERNAPESCA y sin autorizaci\u00f3n previa, reafirmando la sentencia otorgada por el Juzgado de Letras y Garant\u00eda de Ays\u00e9n y rechazando el recurso de apelaci\u00f3n de la empresa.&nbsp;<br>&nbsp;<br>Desde Sernapesca hab\u00edan fijado un periodo, llamado ventana, para que la empresa realizara el tratamiento antiparasitario en el centro de cultivo Melchor 717. La empresa entreg\u00f3 el informe pos tratamiento a SERNAPESCA, en el cual se informaba al ente fiscalizador que el tratamiento se hab\u00eda iniciado el 30 de agosto del 2020, es decir, dentro del plazo otorgado por SERNAPESCA.&nbsp;<br>&nbsp;<br>Un equipo de fiscalizadores de SERNAPESCA al hacer el seguimiento al track de navegaci\u00f3n de la embarcaci\u00f3n que habr\u00eda prestado apoyo en las faenas de ba\u00f1os antiparasitarios realizados entre el d\u00eda 30 de agosto al 1 de septiembre del 2020, notaron una incongruencia entre la informaci\u00f3n entregada por la empresa y los movimientos de la embarcaci\u00f3n, ya que la embarcaci\u00f3n no se detuvo en el centro de cultivo Melchor 717 en la fecha indicada por la empresa.&nbsp;<br>&nbsp;<br>De este modo, utilizando el sistema de monitoreo satelital, los fiscalizadores pudieron analizar las posiciones geogr\u00e1ficas y datos como fecha, hora, rumbo y velocidad, asociados al movimiento de la embarcaci\u00f3n, corroborando que la empresa hab\u00eda realizado los ba\u00f1os para tratamiento de Caligus entre el 2 y 3 de septiembre, fuera de la ventana oficial y por lo tanto hab\u00eda cometido una falta grave al entregar informaci\u00f3n no fidedigna al Servicio.&nbsp;<br>&nbsp;<br>Este incumplimiento, afecta la sustentabilidad de la actividad acu\u00edcola, puesto que genera una criticidad en el uso eficiente de f\u00e1rmacos antiparasitarios. El objetivo de coordinar los tratamientos en ventana, para que varios centros apliquen las medidas de control de manera conjunta, es reducir simult\u00e1neamente las cargas en una zona interconectada, bajando as\u00ed, los niveles de reinfestaci\u00f3n. Esto es significativo para mejorar el bienestar de los peces y el estado sanitario, distanciando el tiempo necesario para requerir un nuevo tratamiento. &nbsp;&nbsp;<\/p>\n\n\n\n<p>El Director Regional (s) de SERNAPESCA Ays\u00e9n, Jorge Padilla, valor\u00f3 la sentencia de la ilustr\u00edsima Corte de Apelaciones, \u201cesperamos que este fallo sea ejemplificador para la industria acu\u00edcola, ya que entregar informaci\u00f3n no fidedigna es una falta grave. Afortunadamente contamos con sistemas de fiscalizaci\u00f3n documental que nos permiten revisar los track de navegaci\u00f3n, entre otras cosas, y poder corroborar la informaci\u00f3n entregada en los informes. Hacemos un llamado a las empresas a que realicen la actividad respetando la normativa vigente y los plazos establecidos para sus operaciones o de lo contrario, que nos informen para poder evaluar autorizar una nueva ventana\u201d.<\/p>\n","protected":false},"excerpt":{"rendered":"<p>El Director Regional (s) de SERNAPESCA Ays\u00e9n, Jorge Padilla, valor\u00f3 la sentencia de la ilustr\u00edsima Corte de Apelaciones, \u201cesperamos que este fallo sea ejemplificador para la industria acu\u00edcola, ya que entregar informaci\u00f3n no fidedigna es una falta grave. <\/p>\n","protected":false},"author":1,"featured_media":9425,"comment_status":"closed","ping_status":"closed","sticky":false,"template":"","format":"standard","meta":{"footnotes":""},"categories":[3,9],"tags":[81,521,736,734,732,737,733],"class_list":["post-9424","post","type-post","status-publish","format-standard","has-post-thumbnail","hentry","category-al-dia","category-gobierno","tag-acuicola","tag-acuicultura","tag-caligus","tag-corte-de-apelaciones-de-aysen","tag-cultivos-yadran","tag-jorge-padilla","tag-sernapesca"],"_links":{"self":[{"href":"https:\/\/www.semanariolocal.cl\/index.php?rest_route=\/wp\/v2\/posts\/9424","targetHints":{"allow":["GET"]}}],"collection":[{"href":"https:\/\/www.semanariolocal.cl\/index.php?rest_route=\/wp\/v2\/posts"}],"about":[{"href":"https:\/\/www.semanariolocal.cl\/index.php?rest_route=\/wp\/v2\/types\/post"}],"author":[{"embeddable":true,"href":"https:\/\/www.semanariolocal.cl\/index.php?rest_route=\/wp\/v2\/users\/1"}],"replies":[{"embeddable":true,"href":"https:\/\/www.semanariolocal.cl\/index.php?rest_route=%2Fwp%2Fv2%2Fcomments&post=9424"}],"version-history":[{"count":1,"href":"https:\/\/www.semanariolocal.cl\/index.php?rest_route=\/wp\/v2\/posts\/9424\/revisions"}],"predecessor-version":[{"id":9426,"href":"https:\/\/www.semanariolocal.cl\/index.php?rest_route=\/wp\/v2\/posts\/9424\/revisions\/9426"}],"wp:featuredmedia":[{"embeddable":true,"href":"https:\/\/www.semanariolocal.cl\/index.php?rest_route=\/wp\/v2\/media\/9425"}],"wp:attachment":[{"href":"https:\/\/www.semanariolocal.cl\/index.php?rest_route=%2Fwp%2Fv2%2Fmedia&parent=9424"}],"wp:term":[{"taxonomy":"category","embeddable":true,"href":"https:\/\/www.semanariolocal.cl\/index.php?rest_route=%2Fwp%2Fv2%2Fcategories&post=9424"},{"taxonomy":"post_tag","embeddable":true,"href":"https:\/\/www.semanariolocal.cl\/index.php?rest_route=%2Fwp%2Fv2%2Ftags&post=9424"}],"curies":[{"name":"wp","href":"https:\/\/api.w.org\/{rel}","templated":true}]}}