{"id":9394,"date":"2022-11-14T11:47:36","date_gmt":"2022-11-14T14:47:36","guid":{"rendered":"https:\/\/www.semanariolocal.cl\/?p=9394"},"modified":"2022-11-15T11:57:17","modified_gmt":"2022-11-15T14:57:17","slug":"alta-asistencia-a-seminario-sobre-prevencion-del-suicidio-organizado-por-ust-osorno","status":"publish","type":"post","link":"https:\/\/www.semanariolocal.cl\/?p=9394","title":{"rendered":"Alta asistencia a seminario sobre prevenci\u00f3n del suicidio organizado por UST Osorno"},"content":{"rendered":"\n<p>Con \u00e9xito se desarroll\u00f3 el seminario denominado \u201cPrevenci\u00f3n del Suicidio y Primeros Auxilios Psicol\u00f3gicos\u201d, organizado por la carrera de Psicolog\u00eda de la UST Osorno, en el contexto de la conmemoraci\u00f3n de la semana de la carrera y al cual asistieron 117 personas.<\/p>\n\n\n\n<p>&nbsp; La actividad se desarroll\u00f3 en el Sal\u00f3n del Club Alem\u00e1n de nuestra ciudad y cont\u00f3 con las exposiciones de Ximena <a>Oettinger <\/a>Palma,encargada regional Programa Salud Mental del Ministerio de Salud y Alfredo Sherrington Rodr\u00edguez, Psic\u00f3logo, MBA, Master Neoprevenci\u00f3n, estudiante de PhD Neuroscieneces of Business, jefe de carrera vespertino y l\u00edder del equipo de Primeros Auxilios Psicol\u00f3gicos en la universidad Santo Tom\u00e1s, sede Vi\u00f1a del Mar.<\/p>\n\n\n\n<p>&nbsp; En el seminario -al que asistieron estudiantes, docentes, funcionarios p\u00fablicos y grupos de rescates, entre otros- los presentes conocieron la realidad del suicidio en la regi\u00f3n y aprendieron sobre estrategias de afrontamiento y primeros auxilios psicol\u00f3gicos.<\/p>\n\n\n\n<p>&nbsp; Un tema muy relevante hoy en d\u00eda, tal como lo plante\u00f3 el director de la carrera de Psicolog\u00eda de la UST Osorno Arturo Ayres, quien precis\u00f3 que \u201cse hizo un diagn\u00f3stico y a prop\u00f3sito de todos los problemas de salud que gener\u00f3 la pandemia, se decidi\u00f3 la importancia de abordar esta tem\u00e1tica, de la que por lo general no se habla mucho, y por lo mismo es un tema que hay que tratar (\u2026)<\/p>\n\n\n\n<p>&nbsp; Por la cantidad de asistentes al seminario vemos que es un tema que causa inter\u00e9s y el cual se debe abordar desde distintas formas y nosotros como psic\u00f3logos y como instituci\u00f3n de educaci\u00f3n superior tenemos un compromiso con los j\u00f3venes y con la ciudadan\u00eda en general\u201d.<\/p>\n\n\n\n<p>&nbsp; Similar visi\u00f3n tiene Alfredo Sherrington, jefe de carrera de Psicolog\u00eda de la UST en Vi\u00f1a del Mar, quien manifest\u00f3 que \u201cel suicidio en los j\u00f3venes es una realidad que se debe enfrentar como tal y no negar lo que sucede. Se debe abordar desde la prevenci\u00f3n y por eso muy importantes las redes de apoyo por ejemplo, \u00e9stas permiten mejorar la calidad de vida y aumentar la sensaci\u00f3n de bienestar (\u2026) En lo que se refiere a recomendaciones destacan saber escuchar y que el afectado hable sin miedo de lo que le est\u00e1 pasando\u201d.<\/p>\n\n\n\n<p>&nbsp; Otra de las expositoras, Ximena Oettinger, encargada del Programa de Salud Mental de la Seremi de Salud en la Regi\u00f3n de Los Lagos, expres\u00f3 que es una oportunidad muy importante que una instituci\u00f3n de educaci\u00f3n superior trate estas tem\u00e1ticas, porque \u201ces un tema muy relevante la prevenci\u00f3n del suicidio, es una tem\u00e1tica que debiera ser transversal a todo el ciclo vital, a todas las personas y encuentro muy positivo que los j\u00f3venes y profesionales que est\u00e1n ac\u00e1 puedan recibir informaci\u00f3n especializada para poder ayudar a otras personas\u201d.<\/p>\n\n\n\n<p>&nbsp; Por su parte, Y\u00e9ssica Nu\u00f1ez, 4ta directora de la unidad URAT (Unidad de Rescate acu\u00e1tico y Terrestre) de Osorno, quien junto a varios integrantes de la Unidad asistieron al seminario, coment\u00f3 que \u201ccuando nos enteramos que se iba a realizar, quisimos de inmediato participar porque \u00faltimamente hemos tenido muchos casos de personas que se han querido quitar la vida por ejemplo lanz\u00e1ndose desde el puente al r\u00edo Rahue. Nuestra base est\u00e1 ubicada al lado del puente San Pedro antiguo y desde ah\u00ed hemos podido observar y ayudar o contener a la persona que intenta quitarse la vida, mientras llega Samu y Carabineros. \u00c9ste seminario nos ha servido mucho porque hemos podido capacitarnos para mejorar nuestra labor como rescatistas\u201d, cerr\u00f3.<\/p>\n","protected":false},"excerpt":{"rendered":"<p>La actividad se desarroll\u00f3 en el Sal\u00f3n del Club Alem\u00e1n de Osorno y cont\u00f3 con las exposiciones de Ximena Oettinger Palma, encargada regional Programa Salud Mental del Ministerio de Salud<\/p>\n","protected":false},"author":1,"featured_media":9395,"comment_status":"closed","ping_status":"closed","sticky":false,"template":"","format":"standard","meta":{"footnotes":""},"categories":[3],"tags":[698,337,695,694,699,273,132,696,700,571,247,133,373,329,443,697],"class_list":["post-9394","post","type-post","status-publish","format-standard","has-post-thumbnail","hentry","category-al-dia","tag-alfredo-sherrington-rodriguez","tag-informacion","tag-ministerio-de-salud","tag-minsal","tag-neoprevencion","tag-noticias","tag-osorno","tag-prevencion-del-suicidio","tag-primeros-auxilios-psicologicos","tag-psicologia","tag-region-de-los-lagos","tag-semanario-local","tag-universidad-santo-tomas","tag-ust","tag-ust-osorno","tag-ximena-oettinger-palma"],"_links":{"self":[{"href":"https:\/\/www.semanariolocal.cl\/index.php?rest_route=\/wp\/v2\/posts\/9394","targetHints":{"allow":["GET"]}}],"collection":[{"href":"https:\/\/www.semanariolocal.cl\/index.php?rest_route=\/wp\/v2\/posts"}],"about":[{"href":"https:\/\/www.semanariolocal.cl\/index.php?rest_route=\/wp\/v2\/types\/post"}],"author":[{"embeddable":true,"href":"https:\/\/www.semanariolocal.cl\/index.php?rest_route=\/wp\/v2\/users\/1"}],"replies":[{"embeddable":true,"href":"https:\/\/www.semanariolocal.cl\/index.php?rest_route=%2Fwp%2Fv2%2Fcomments&post=9394"}],"version-history":[{"count":1,"href":"https:\/\/www.semanariolocal.cl\/index.php?rest_route=\/wp\/v2\/posts\/9394\/revisions"}],"predecessor-version":[{"id":9396,"href":"https:\/\/www.semanariolocal.cl\/index.php?rest_route=\/wp\/v2\/posts\/9394\/revisions\/9396"}],"wp:featuredmedia":[{"embeddable":true,"href":"https:\/\/www.semanariolocal.cl\/index.php?rest_route=\/wp\/v2\/media\/9395"}],"wp:attachment":[{"href":"https:\/\/www.semanariolocal.cl\/index.php?rest_route=%2Fwp%2Fv2%2Fmedia&parent=9394"}],"wp:term":[{"taxonomy":"category","embeddable":true,"href":"https:\/\/www.semanariolocal.cl\/index.php?rest_route=%2Fwp%2Fv2%2Fcategories&post=9394"},{"taxonomy":"post_tag","embeddable":true,"href":"https:\/\/www.semanariolocal.cl\/index.php?rest_route=%2Fwp%2Fv2%2Ftags&post=9394"}],"curies":[{"name":"wp","href":"https:\/\/api.w.org\/{rel}","templated":true}]}}