{"id":9370,"date":"2022-11-14T15:10:18","date_gmt":"2022-11-14T18:10:18","guid":{"rendered":"https:\/\/www.semanariolocal.cl\/?p=9370"},"modified":"2022-11-14T15:12:33","modified_gmt":"2022-11-14T18:12:33","slug":"medidas-implementadas-por-el-mop-tienen-efecto-en-reactivar-la-economia","status":"publish","type":"post","link":"https:\/\/www.semanariolocal.cl\/?p=9370","title":{"rendered":"<strong>Medidas implementadas por el MOP tienen efecto en reactivar la econom\u00eda<\/strong>"},"content":{"rendered":"\n<p>Desde la llegada de la pandemia y algunas situaciones complejas fueras de las fronteras nacionales, han hecho que desde el 2021 en adelante, el aumento de precios en los materiales utilizados para la construcci\u00f3n se hayan sufrido un aumento, lo que ha hab\u00eda derivado en que muchas licitaciones quedaran sin oferentes u otras que eran desestimadas debido a que quienes postulaban no cumpl\u00edan con requisitos de postulaci\u00f3n o las bases t\u00e9cnicas.<\/p>\n\n\n\n<p>Esta preocupaci\u00f3n no s\u00f3lo era un diagn\u00f3stico que ven\u00eda desde el mundo de la construcci\u00f3n, sino tambi\u00e9n es un fen\u00f3meno que se ha dejado sentir tambi\u00e9n en el sector estatal, particularmente en el propio Ministerio de Obras P\u00fablicas, que ven\u00eda presentando un promedio de 27% de sus licitaciones declaradas como desiertas o desestimadas, situaci\u00f3n que generaba un importante retraso en cada una de las obras, debido a que se deb\u00eda levantar un nuevo proceso licitatorio.<\/p>\n\n\n\n<p>Ante esta situaci\u00f3n el Gobierno trabaj\u00f3 varias acciones que apuntaban a generar reactivaci\u00f3n econ\u00f3mica. Precisamente una de estas acciones, y que nace desde el MOP, es el trabajo conjunto que ha desarrollado la Direcci\u00f3n de Presupuestos y el Ministerio de Desarrollo Social y Familia, implementando una resoluci\u00f3n en la que se indica que se permite adjudicar una licitaci\u00f3n por&nbsp; un valor sobre el 20%.<\/p>\n\n\n\n<p>\u201cCon esta medida, lo que estamos logrando es acelerar la concreci\u00f3n de nuevas obras, que benefician a cada una de las regiones de Chile\u201d, expres\u00f3 el Ministro Juan Carlos Garc\u00eda.<\/p>\n\n\n\n<p>Esta medida ha sido vista con buenos ojos por el mercado, debido a que genera mayor dinamismo y eficiencia a la hora de cumplir con lo planificado, ya que al relicitar o reevaluar un proyecto nuevamente, \u00b4puede generar de manera inmediata, varios meses de retraso, por lo que esto vino a generar m\u00e1s certezas a la hora de licitar.<\/p>\n\n\n\n<p>Respecto a la realidad regional, entre enero de 2021 y junio de 2022, el promedio de licitaciones que fueron desestimadas fue de un 20%. \u201cCon la medida que ha tomado el Gobierno, logramos reducir este 20% a un 8%, lo que da cuentas que esta medida est\u00e1 funcionando, expres\u00f3 el Seremi de Obras P\u00fablicas Daniel Olhab\u00e9.<\/p>\n\n\n\n<p>Este impacto positivo en la inversi\u00f3n p\u00fablica fue destacada por la autoridad regional, el que indic\u00f3 que \u201cqueremos seguir trabajando&nbsp; fuertemente para que nuestras obras sigan sus procesos y tiempos, Sabemos que una obra no es s\u00f3lo fierro y cemento, sino tambi\u00e9n un beneficio para las comunidades, por lo que haremos todos los esfuerzos por seguir avanzando en el desarrollo de las obras\u201d, agreg\u00f3 Olhab\u00e9.<\/p>\n\n\n\n<p>Esta medida que permite reactivar la econom\u00eda, ha permitido que hoy se presenten a las licitaciones, en promedio un 3,4 empresas por cada proceso que se abre. A esto \u00faltimo, hay que agregar que entr\u00f3 en vigencia el reajuste polin\u00f3mico para todas las licitaciones nuevas, lo que permite ajustar los contratos de las obras, en caso que se produzca nuevamente una fuerte alza en los precios de materiales para el desarrollo de las obras.<\/p>\n","protected":false},"excerpt":{"rendered":"<p>La medida que permite hoy adjudicar por hasta un 20% por sobre los montos licitados, ha permitido que m\u00e1s empresas se presenten a los procesos de licitaci\u00f3n que lleva adelante la cartera de Obras P\u00fablicas.<\/p>\n","protected":false},"author":1,"featured_media":9371,"comment_status":"closed","ping_status":"closed","sticky":false,"template":"","format":"standard","meta":{"footnotes":""},"categories":[12,9,4],"tags":[659,366,191,337,663,661,660,658,662,427,273,247,474,133],"class_list":["post-9370","post","type-post","status-publish","format-standard","has-post-thumbnail","hentry","category-economia","category-gobierno","category-reportajes","tag-direccion-de-presupuestos","tag-economia","tag-gobierno","tag-informacion","tag-juan-carlos-garcia","tag-mds","tag-ministerio-de-desarrollo-social-y-familia","tag-ministerio-de-obras-publicas","tag-ministro-juan-carlos-garcia","tag-mop","tag-noticias","tag-region-de-los-lagos","tag-reportajes","tag-semanario-local"],"_links":{"self":[{"href":"https:\/\/www.semanariolocal.cl\/index.php?rest_route=\/wp\/v2\/posts\/9370","targetHints":{"allow":["GET"]}}],"collection":[{"href":"https:\/\/www.semanariolocal.cl\/index.php?rest_route=\/wp\/v2\/posts"}],"about":[{"href":"https:\/\/www.semanariolocal.cl\/index.php?rest_route=\/wp\/v2\/types\/post"}],"author":[{"embeddable":true,"href":"https:\/\/www.semanariolocal.cl\/index.php?rest_route=\/wp\/v2\/users\/1"}],"replies":[{"embeddable":true,"href":"https:\/\/www.semanariolocal.cl\/index.php?rest_route=%2Fwp%2Fv2%2Fcomments&post=9370"}],"version-history":[{"count":1,"href":"https:\/\/www.semanariolocal.cl\/index.php?rest_route=\/wp\/v2\/posts\/9370\/revisions"}],"predecessor-version":[{"id":9372,"href":"https:\/\/www.semanariolocal.cl\/index.php?rest_route=\/wp\/v2\/posts\/9370\/revisions\/9372"}],"wp:featuredmedia":[{"embeddable":true,"href":"https:\/\/www.semanariolocal.cl\/index.php?rest_route=\/wp\/v2\/media\/9371"}],"wp:attachment":[{"href":"https:\/\/www.semanariolocal.cl\/index.php?rest_route=%2Fwp%2Fv2%2Fmedia&parent=9370"}],"wp:term":[{"taxonomy":"category","embeddable":true,"href":"https:\/\/www.semanariolocal.cl\/index.php?rest_route=%2Fwp%2Fv2%2Fcategories&post=9370"},{"taxonomy":"post_tag","embeddable":true,"href":"https:\/\/www.semanariolocal.cl\/index.php?rest_route=%2Fwp%2Fv2%2Ftags&post=9370"}],"curies":[{"name":"wp","href":"https:\/\/api.w.org\/{rel}","templated":true}]}}