{"id":9333,"date":"2022-11-10T08:55:00","date_gmt":"2022-11-10T11:55:00","guid":{"rendered":"https:\/\/www.semanariolocal.cl\/?p=9333"},"modified":"2022-11-10T19:38:46","modified_gmt":"2022-11-10T22:38:46","slug":"inauguran-totem-de-registro-civil-en-cesfam-de-puaucho","status":"publish","type":"post","link":"https:\/\/www.semanariolocal.cl\/?p=9333","title":{"rendered":"Inauguran t\u00f3tem de Registro Civil en Cesfam de Puaucho"},"content":{"rendered":"\n<p>Con el objetivo de permitir a la comunidad a realizaci\u00f3n de diferentes tr\u00e1mites del Registro Civil\u00a0 sin necesidad de concurrir a las oficinas de este servicio, autoridades regionales y de la municipalidad de San Juan de la Costa, inauguraron un nuevo t\u00f3tem de autoatenci\u00f3n el cual estar\u00e1 ubicado en dependencias del Cesfam de Puaucho.<\/p>\n\n\n\n<p>Se trata de un dispositivo de primera tecnolog\u00eda que permite realizar 21 tr\u00e1mites (gratuitos y pagados) evitando que la comunidad deba asistir directamente a las oficinas del Registro Civil y de esta manera permitir la obtenci\u00f3n de certificados de manera r\u00e1pida y sencilla.<\/p>\n\n\n\n<p>As\u00ed lo detall\u00f3 el Seremi de Justicia y Derechos Humanos de la Regi\u00f3n de los Lagos, Enrique C\u00e1rdenas, quien coment\u00f3 que esta tecnolog\u00eda permite facilitar la realizaci\u00f3n de los tr\u00e1mites y evitar viajes.<\/p>\n\n\n\n<p>\u201cNosotros estamos muy contentos de poder acercar los servicios a las comunidades y el mandato que hemos recibido por parte del Gobierno, de nuestro Presidente Gabriel Boric, es acercarnos, salir, estar en terreno, cercano a la gente y estos instrumentos nos ayudan a acercar los servicios de tal forma que la gente pueda acceder a los diferentes certificados, facilitar sus tr\u00e1mites y evitar viajes, en forma econ\u00f3mica y poder acceder a todas las ventajas que la tecnolog\u00eda hoy nos entrega\u201d, mencion\u00f3.<\/p>\n\n\n\n<p>El alcalde de San Juan de la Costa, Bernardo Candia, sostuvo que este t\u00f3tem permitir\u00e1 que la comunidad deba viajar a Osorno a realizar estos tr\u00e1mites y se suma al equipo de autoservicio instalado tambi\u00e9n en dependencias municipales.<\/p>\n\n\n\n<p>\u201cQuisiera agradecer al director regional del registro civil como tambi\u00e9n a nuestro Seremi de justicia porque creo que este es un medio que nos va a permitir acercar a la comunidad de San Juan de la Costa a la posibilidad cierta de poder hacer los tr\u00e1mites de forma m\u00e1s expedita a trav\u00e9s de este t\u00f3tem y eso significa que nuestra gente va a poder venir al Cesfam, pero tambi\u00e9n pude hacer otros tramites al igual que lo hace hoy d\u00eda a trav\u00e9s de la municipalidad, por lo tanto toda esta tecnolog\u00eda nos permite acercar, que la gente venga , haga sus tr\u00e1mites y no tenga que concurrir a Osorno como era antes de contar con este t\u00f3tem o el que tenemos instalados en la Ilustre Municipalidad de San Juan de la Costa\u201d, coment\u00f3.<\/p>\n\n\n\n<p>Los certificados se podr\u00e1n solicitar mediante el uso de Clave \u00danica, adem\u00e1s de poder obtener o activar la misma.<\/p>\n","protected":false},"excerpt":{"rendered":"<p>Se trata de un dispositivo de primera tecnolog\u00eda que permite realizar 21 tr\u00e1mites (gratuitos y pagados) evitando que la comunidad deba asistir directamente a las oficinas del Registro Civil <\/p>\n","protected":false},"author":1,"featured_media":9334,"comment_status":"closed","ping_status":"closed","sticky":false,"template":"","format":"standard","meta":{"footnotes":""},"categories":[3],"tags":[624,137,621,246,622,337,273,247,620,136,133,623],"class_list":["post-9333","post","type-post","status-publish","format-standard","has-post-thumbnail","hentry","category-al-dia","tag-alcalde-de-san-juan-de-la-costa","tag-bernardo-candia","tag-cesfam-de-puaucho","tag-comunas","tag-enrique-cardenas","tag-informacion","tag-noticias","tag-region-de-los-lagos","tag-registro-civil","tag-san-juan-de-la-costa","tag-semanario-local","tag-seremi-de-justicia"],"_links":{"self":[{"href":"https:\/\/www.semanariolocal.cl\/index.php?rest_route=\/wp\/v2\/posts\/9333","targetHints":{"allow":["GET"]}}],"collection":[{"href":"https:\/\/www.semanariolocal.cl\/index.php?rest_route=\/wp\/v2\/posts"}],"about":[{"href":"https:\/\/www.semanariolocal.cl\/index.php?rest_route=\/wp\/v2\/types\/post"}],"author":[{"embeddable":true,"href":"https:\/\/www.semanariolocal.cl\/index.php?rest_route=\/wp\/v2\/users\/1"}],"replies":[{"embeddable":true,"href":"https:\/\/www.semanariolocal.cl\/index.php?rest_route=%2Fwp%2Fv2%2Fcomments&post=9333"}],"version-history":[{"count":1,"href":"https:\/\/www.semanariolocal.cl\/index.php?rest_route=\/wp\/v2\/posts\/9333\/revisions"}],"predecessor-version":[{"id":9335,"href":"https:\/\/www.semanariolocal.cl\/index.php?rest_route=\/wp\/v2\/posts\/9333\/revisions\/9335"}],"wp:featuredmedia":[{"embeddable":true,"href":"https:\/\/www.semanariolocal.cl\/index.php?rest_route=\/wp\/v2\/media\/9334"}],"wp:attachment":[{"href":"https:\/\/www.semanariolocal.cl\/index.php?rest_route=%2Fwp%2Fv2%2Fmedia&parent=9333"}],"wp:term":[{"taxonomy":"category","embeddable":true,"href":"https:\/\/www.semanariolocal.cl\/index.php?rest_route=%2Fwp%2Fv2%2Fcategories&post=9333"},{"taxonomy":"post_tag","embeddable":true,"href":"https:\/\/www.semanariolocal.cl\/index.php?rest_route=%2Fwp%2Fv2%2Ftags&post=9333"}],"curies":[{"name":"wp","href":"https:\/\/api.w.org\/{rel}","templated":true}]}}