{"id":9327,"date":"2022-11-10T16:29:50","date_gmt":"2022-11-10T19:29:50","guid":{"rendered":"https:\/\/www.semanariolocal.cl\/?p=9327"},"modified":"2022-11-10T16:29:51","modified_gmt":"2022-11-10T19:29:51","slug":"ministro-pardow-promulgo-ley-de-almacenamiento","status":"publish","type":"post","link":"https:\/\/www.semanariolocal.cl\/?p=9327","title":{"rendered":"Ministro Pardow promulg\u00f3 Ley de Almacenamiento"},"content":{"rendered":"\n<p>En la planta fotovoltaica Plomo del Verano del Fundo el Roble en Rinconada de Maip\u00fa, el ministro de Energ\u00eda, Diego Pardow, lider\u00f3 la ceremonia de promulgaci\u00f3n de la Ley de Almacenamiento y Electromovilidad, aprobada por unanimidad en el mes de octubre por el parlamento.<\/p>\n\n\n\n<p>Al encuentro asistieron la ministra de Medio Ambiente, Maisa Rojas, junto al alcalde de Maip\u00fa, Tom\u00e1s Vodanovic y los ex ministros de Energ\u00eda, M\u00e1ximo Pacheco y Andr\u00e9s Rebolledo.<\/p>\n\n\n\n<p>Esta ley, que fue presentada en diciembre del 2021 por la anterior administraci\u00f3n, promueve la participaci\u00f3n de energ\u00edas renovables en la matriz el\u00e9ctrica, permitiendo su acopio y evitando el vertimiento de la producci\u00f3n generada.<\/p>\n\n\n\n<p>El ministro Pardow destac\u00f3 la importancia de trabajar en pol\u00edticas energ\u00e9ticas de largo plazo que trasciendan a los gobiernos de turno, afirmando que estamos enfrentando una nueva etapa en el sector. \u201cEl primer tiempo de las pol\u00edticas p\u00fablicas para el fomento de energ\u00edas renovables fue el que culmina con el hito que representa que la capacidad de generaci\u00f3n con energ\u00edas variables supere al carb\u00f3n en el agregado\u201d, dijo el secretario de Estado.<br><\/p>\n\n\n\n<p>En esa l\u00ednea, agreg\u00f3 que \u201cahora se inicia un segundo tiempo que permitir\u00e1 el desarrollo de energ\u00edas renovables flexibles. \u00bfQu\u00e9 significa esto? Incentivar el uso tecnolog\u00edas limpias que permitan al sistema responder durante los peak de demanda de manera de dejar de depender de los combustibles f\u00f3siles. Esa es la \u00fanica manera que permitir\u00e1 descarbonizar nuestra matriz energ\u00e9tica\u201d.<\/p>\n\n\n\n<p>Por su parte, la ministra Maisa Rojas habl\u00f3 de la importancia que tiene esta ley para cumplir las metas medioambientales propuestas por el Gobierno, \u201cpara enfrentar la crisis clim\u00e1tica necesitamos avanzar en una ambiciosa agenda de descarbonizaci\u00f3n. Para cumplir con ese objetivo, nuestro pa\u00eds ha establecido metas y medidas claras como la ley marco de cambio clim\u00e1tico, vigente desde junio de este a\u00f1o. En l\u00ednea con esto mismo, la promulgaci\u00f3n de esta ley es una muy buena noticia y una pieza fundamental para cumplir nuestro compromiso de que Chile sea una sociedad carbono neutral al 2050. Promover las tecnolog\u00edas de almacenamiento permite que la participaci\u00f3n de las energ\u00edas renovables siga aumentando y, adem\u00e1s, impulsa beneficios que facilitan la Electromovilidad\u201d declar\u00f3 la autoridad.<\/p>\n\n\n\n<p><strong>Ley de almacenamiento y Electromovilidad<\/strong><\/p>\n\n\n\n<p>Esta ley es el resultado de un trabajo que ha caracterizado las medidas energ\u00e9ticas en Chile, son pol\u00edticas p\u00fablicas estables, que trascienden a los gobiernos y que muestran el compromiso que viene hace d\u00e9cadas para impulsar el fomento de la energ\u00eda renovable.<\/p>\n\n\n\n<p>Entre sus principales caracter\u00edsticas, est\u00e1 el que habilitar\u00e1 que los proyectos de almacenamiento puro, es decir, aquellos sistemas que no est\u00e1n asociados a centrales de generaci\u00f3n, se les pague por inyectar energ\u00eda al sistema el\u00e9ctrico y por estar disponibles en los momentos de mayor demanda.<\/p>\n\n\n\n<p>Uno de los principales puntos de la ley es que permitir\u00e1 la aceleraci\u00f3n del retiro de centrales a carb\u00f3n, entregando mayor seguridad al sistema el\u00e9ctrico, avanzando en el proceso de descarbonizaci\u00f3n.<\/p>\n\n\n\n<p>Dentro de esta iniciativa legal tambi\u00e9n se considera el impulso de la electromovilidad por medio de est\u00edmulos para migrar a este tipo de tecnolog\u00eda. Por ejemplo, la norma rebajar\u00e1 transitoriamente por 8 a\u00f1os el costo de los permisos de circulaci\u00f3n de los veh\u00edculos el\u00e9ctricos para equipararlo con el de autom\u00f3viles de combusti\u00f3n interna, los que son cerca de un 65% m\u00e1s baratos. En los primeros dos a\u00f1os existir\u00e1 una eximici\u00f3n total, la cual ir\u00e1 disminuyendo gradualmente hasta el octavo a\u00f1o.<\/p>\n","protected":false},"excerpt":{"rendered":"<p>\u201cEl desaf\u00edo de este segundo tiempo en materia energ\u00e9tica es conseguir migrar desde la variabilidad a la flexibilidad\u201d, indic\u00f3 el Secretario de Estado<\/p>\n","protected":false},"author":1,"featured_media":9328,"comment_status":"closed","ping_status":"closed","sticky":false,"template":"","format":"standard","meta":{"footnotes":""},"categories":[3,9],"tags":[611,614,490,609,612,608,191,337,613,610,607,273,247,133],"class_list":["post-9327","post","type-post","status-publish","format-standard","has-post-thumbnail","hentry","category-al-dia","category-gobierno","tag-almacenamiento-energetico","tag-carbono-neutral","tag-crisis-climatica","tag-diego-pardow","tag-electromovilidad","tag-energia","tag-gobierno","tag-informacion","tag-maisa-rojas","tag-ministro-de-energia","tag-nacional","tag-noticias","tag-region-de-los-lagos","tag-semanario-local"],"_links":{"self":[{"href":"https:\/\/www.semanariolocal.cl\/index.php?rest_route=\/wp\/v2\/posts\/9327","targetHints":{"allow":["GET"]}}],"collection":[{"href":"https:\/\/www.semanariolocal.cl\/index.php?rest_route=\/wp\/v2\/posts"}],"about":[{"href":"https:\/\/www.semanariolocal.cl\/index.php?rest_route=\/wp\/v2\/types\/post"}],"author":[{"embeddable":true,"href":"https:\/\/www.semanariolocal.cl\/index.php?rest_route=\/wp\/v2\/users\/1"}],"replies":[{"embeddable":true,"href":"https:\/\/www.semanariolocal.cl\/index.php?rest_route=%2Fwp%2Fv2%2Fcomments&post=9327"}],"version-history":[{"count":1,"href":"https:\/\/www.semanariolocal.cl\/index.php?rest_route=\/wp\/v2\/posts\/9327\/revisions"}],"predecessor-version":[{"id":9329,"href":"https:\/\/www.semanariolocal.cl\/index.php?rest_route=\/wp\/v2\/posts\/9327\/revisions\/9329"}],"wp:featuredmedia":[{"embeddable":true,"href":"https:\/\/www.semanariolocal.cl\/index.php?rest_route=\/wp\/v2\/media\/9328"}],"wp:attachment":[{"href":"https:\/\/www.semanariolocal.cl\/index.php?rest_route=%2Fwp%2Fv2%2Fmedia&parent=9327"}],"wp:term":[{"taxonomy":"category","embeddable":true,"href":"https:\/\/www.semanariolocal.cl\/index.php?rest_route=%2Fwp%2Fv2%2Fcategories&post=9327"},{"taxonomy":"post_tag","embeddable":true,"href":"https:\/\/www.semanariolocal.cl\/index.php?rest_route=%2Fwp%2Fv2%2Ftags&post=9327"}],"curies":[{"name":"wp","href":"https:\/\/api.w.org\/{rel}","templated":true}]}}