{"id":9324,"date":"2022-11-10T15:48:48","date_gmt":"2022-11-10T18:48:48","guid":{"rendered":"https:\/\/www.semanariolocal.cl\/?p=9324"},"modified":"2022-11-10T15:48:49","modified_gmt":"2022-11-10T18:48:49","slug":"en-su-etapa-final-acceso-norte-para-la-comuna-de-san-pablo","status":"publish","type":"post","link":"https:\/\/www.semanariolocal.cl\/?p=9324","title":{"rendered":"En su etapa final acceso norte para la comuna de San Pablo"},"content":{"rendered":"\n<p>Un importante estado de avance presenta uno de los proyectos m\u00e1s emblem\u00e1ticos para los habitantes de la comuna de San Pablo, puerta de ingreso a la extensa regi\u00f3n de los lagos.<\/p>\n\n\n\n<p>Las obras est\u00e1 en su etapa final y se espera su inauguraci\u00f3n una vez que el inspector t\u00e9cnico de obras (Ito) tenga la recepci\u00f3n final de los trabajos, que marcaran un antes y un despu\u00e9s, del territorio que hasta el momento, s\u00f3lo tiene un acceso para llegar hasta el centro urbano de la comuna, expres\u00f3 el alcalde, Juan Carlos Soto.<\/p>\n\n\n\n<p>Esta obra tiene una inversi\u00f3n hasta el momento que supera los 4.300 millones de pesos, y disminuir\u00e1 los tiempos de desplazamiento, de todos los veh\u00edculos que vienen desde el norte y que desean pasar a San Pablo, explic\u00f3 la autoridad.<\/p>\n\n\n\n<p>De esta forma se est\u00e1n dando punto final a proyectos que por a\u00f1os permanecieron en comp\u00e1s de espera y que son de gran rentabilidad social para usuarios locales y de otras sectores del pa\u00eds que ahora tendr\u00e1n la posibilidad m\u00e1s f\u00e1cil y expedita de conocer la comuna y contribuir al desarrollo de la actividad tur\u00edstica y gastron\u00f3mica.<\/p>\n","protected":false},"excerpt":{"rendered":"<p>Un importante estado de avance presenta uno de los proyectos m\u00e1s emblem\u00e1ticos para los habitantes de la comuna de San Pablo, puerta de ingreso a la extensa regi\u00f3n de los lagos. Las obras est\u00e1 en su etapa final y se espera su inauguraci\u00f3n una vez que el inspector t\u00e9cnico de obras (Ito) tenga la recepci\u00f3n&#8230;<a class=\"btnReadMore\" href=\"https:\/\/www.semanariolocal.cl\/?p=9324\"> Leer M\u00e1s<\/a><\/p>\n","protected":false},"author":1,"featured_media":9325,"comment_status":"closed","ping_status":"closed","sticky":false,"template":"","format":"standard","meta":{"footnotes":""},"categories":[3,8],"tags":[433,246,337,431,273,247,430,133],"class_list":["post-9324","post","type-post","status-publish","format-standard","has-post-thumbnail","hentry","category-al-dia","category-comunas","tag-comuna-de-san-pablo","tag-comunas","tag-informacion","tag-juan-carlos-soto-cau-cau","tag-noticias","tag-region-de-los-lagos","tag-san-pablo","tag-semanario-local"],"_links":{"self":[{"href":"https:\/\/www.semanariolocal.cl\/index.php?rest_route=\/wp\/v2\/posts\/9324","targetHints":{"allow":["GET"]}}],"collection":[{"href":"https:\/\/www.semanariolocal.cl\/index.php?rest_route=\/wp\/v2\/posts"}],"about":[{"href":"https:\/\/www.semanariolocal.cl\/index.php?rest_route=\/wp\/v2\/types\/post"}],"author":[{"embeddable":true,"href":"https:\/\/www.semanariolocal.cl\/index.php?rest_route=\/wp\/v2\/users\/1"}],"replies":[{"embeddable":true,"href":"https:\/\/www.semanariolocal.cl\/index.php?rest_route=%2Fwp%2Fv2%2Fcomments&post=9324"}],"version-history":[{"count":1,"href":"https:\/\/www.semanariolocal.cl\/index.php?rest_route=\/wp\/v2\/posts\/9324\/revisions"}],"predecessor-version":[{"id":9326,"href":"https:\/\/www.semanariolocal.cl\/index.php?rest_route=\/wp\/v2\/posts\/9324\/revisions\/9326"}],"wp:featuredmedia":[{"embeddable":true,"href":"https:\/\/www.semanariolocal.cl\/index.php?rest_route=\/wp\/v2\/media\/9325"}],"wp:attachment":[{"href":"https:\/\/www.semanariolocal.cl\/index.php?rest_route=%2Fwp%2Fv2%2Fmedia&parent=9324"}],"wp:term":[{"taxonomy":"category","embeddable":true,"href":"https:\/\/www.semanariolocal.cl\/index.php?rest_route=%2Fwp%2Fv2%2Fcategories&post=9324"},{"taxonomy":"post_tag","embeddable":true,"href":"https:\/\/www.semanariolocal.cl\/index.php?rest_route=%2Fwp%2Fv2%2Ftags&post=9324"}],"curies":[{"name":"wp","href":"https:\/\/api.w.org\/{rel}","templated":true}]}}