{"id":9231,"date":"2022-11-07T21:29:00","date_gmt":"2022-11-08T00:29:00","guid":{"rendered":"https:\/\/www.semanariolocal.cl\/?p=9231"},"modified":"2022-11-08T09:37:57","modified_gmt":"2022-11-08T12:37:57","slug":"proyecto-busca-que-licencias-de-conducir-se-renueven-automaticamente-por-tres-anos","status":"publish","type":"post","link":"https:\/\/www.semanariolocal.cl\/?p=9231","title":{"rendered":"Proyecto busca que licencias de conducir se renueven autom\u00e1ticamente por tres a\u00f1os"},"content":{"rendered":"\n<p>Ante la excesiva cantidad de licencias de conducir que se encuentran vencidas, y la alta demanda que existe en las solicitudes para renovar el documento, donde algunos municipios est\u00e1n entregando horas de atenci\u00f3n para incluso cinco o seis meses despu\u00e9s, ante ello un grupo de diputados de la UDI, liderados por Felipe Donoso y Juan Antonio Coloma, presentaron un proyecto de ley para renovar autom\u00e1ticamente los permisos cuando el conductor haya tenido un buen comportamiento.<\/p>\n\n\n\n<p>Al respecto, los parlamentarios gremialistas explicaron que la iniciativa busca extender por tres a\u00f1os -desde su fecha de vencimiento- las licencias de conducir tipo B y C, para todos los que no hayan cometido ninguna infracci\u00f3n grave o grav\u00edsima durante los seis a\u00f1os de vigencia del documento, permitiendo no s\u00f3lo premiar a los conductores que hayan tenido un buen comportamiento durante el \u00faltimo tiempo, sino que tambi\u00e9n descongestionar los departamentos de tr\u00e1nsito en el pa\u00eds.<\/p>\n\n\n\n<p>\u201cHemos decidido presentar este proyecto de ley como un voto de confianza con todas las personas que durante los seis a\u00f1os de vigencia de su licencia tuvieron una conducta intachable. Cuando tenemos a conductores que no presentan un riesgo comprobado a la poblaci\u00f3n, creemos necesario premiarlos y as\u00ed no seguir generando una burocracia innecesaria en los municipios\u201d, manifestaron los diputados UDI, quienes aseguraron que en los pr\u00f3ximos d\u00edas solicitar\u00e1n que la iniciativa comience a discutirse con m\u00e1xima urgencia en la comisi\u00f3n de Obras P\u00fablicas y Transportes.<\/p>\n\n\n\n<p>Lo anterior, explicaron Donoso y Coloma, puesto que la renovaci\u00f3n autom\u00e1tica de las licencias por motivo de la pandemia vence a fines de este a\u00f1o, por lo tanto a contar de enero de 2023 dejar\u00e1n de estar vigentes todos los documentos registrados en esa fecha, sin que existan horas disponibles en la mayor\u00eda de las comunas del pa\u00eds.<\/p>\n\n\n\n<p>\u201cTodas las personas cuyas licencias vencieron en enero de 2020, 2021 o 2022, y no las han renovado, van a estar vencidas el d\u00eda que aparece registrado en el documento. Y as\u00ed va a ocurrir con las que vencen en febrero, marzo, abril y sucesivamente. El problema es que si uno solicita una hora en esta fecha, lo m\u00e1s probable es que la otorguen para cinco o seis meses despu\u00e9s, por lo tanto a contar de 2023 nos vamos a encontrar con un n\u00famero indeterminado de conductores que tendr\u00e1n vencidas sus licencias, pero que no podr\u00e1n renovarlas de forma inmediata\u201d, advirtieron los diputados UDI.<\/p>\n\n\n\n<p>Por lo mismo, Donoso y Coloma insistieron en que \u201cnos parece absolutamente razonable que exista una renovaci\u00f3n autom\u00e1tica del documento para quienes hayan tenido un comportamiento ejemplar durante la vigencia de su licencia\u201d, agregando que \u201cquienes accedan a la renovaci\u00f3n pero cometan alg\u00fan tipo de infracci\u00f3n durante esos tres a\u00f1os, van a perder de forma inmediata el beneficio y tendr\u00e1n que renovar el documento como normalmente se hace\u201d.<\/p>\n","protected":false},"excerpt":{"rendered":"<p>La propuesta surge como una alternativa al grave colapso que enfrentan los departamentos de tr\u00e1nsito, ante la renovaci\u00f3n del documento <\/p>\n","protected":false},"author":1,"featured_media":9232,"comment_status":"closed","ping_status":"closed","sticky":false,"template":"","format":"standard","meta":{"footnotes":""},"categories":[3,6],"tags":[527,525,337,523,524,526,273,528,522,190,247,133,52],"class_list":["post-9231","post","type-post","status-publish","format-standard","has-post-thumbnail","hentry","category-al-dia","category-politica","tag-departamento-de-transito","tag-felipe-donoso","tag-informacion","tag-iniciativa-legislativa","tag-juan-antonio-coloma","tag-licencias-de-conducir","tag-noticias","tag-obras-publicas-y-transportes","tag-propuesta-parlamentaria","tag-proyecto-de-ley","tag-region-de-los-lagos","tag-semanario-local","tag-udi"],"_links":{"self":[{"href":"https:\/\/www.semanariolocal.cl\/index.php?rest_route=\/wp\/v2\/posts\/9231","targetHints":{"allow":["GET"]}}],"collection":[{"href":"https:\/\/www.semanariolocal.cl\/index.php?rest_route=\/wp\/v2\/posts"}],"about":[{"href":"https:\/\/www.semanariolocal.cl\/index.php?rest_route=\/wp\/v2\/types\/post"}],"author":[{"embeddable":true,"href":"https:\/\/www.semanariolocal.cl\/index.php?rest_route=\/wp\/v2\/users\/1"}],"replies":[{"embeddable":true,"href":"https:\/\/www.semanariolocal.cl\/index.php?rest_route=%2Fwp%2Fv2%2Fcomments&post=9231"}],"version-history":[{"count":1,"href":"https:\/\/www.semanariolocal.cl\/index.php?rest_route=\/wp\/v2\/posts\/9231\/revisions"}],"predecessor-version":[{"id":9233,"href":"https:\/\/www.semanariolocal.cl\/index.php?rest_route=\/wp\/v2\/posts\/9231\/revisions\/9233"}],"wp:featuredmedia":[{"embeddable":true,"href":"https:\/\/www.semanariolocal.cl\/index.php?rest_route=\/wp\/v2\/media\/9232"}],"wp:attachment":[{"href":"https:\/\/www.semanariolocal.cl\/index.php?rest_route=%2Fwp%2Fv2%2Fmedia&parent=9231"}],"wp:term":[{"taxonomy":"category","embeddable":true,"href":"https:\/\/www.semanariolocal.cl\/index.php?rest_route=%2Fwp%2Fv2%2Fcategories&post=9231"},{"taxonomy":"post_tag","embeddable":true,"href":"https:\/\/www.semanariolocal.cl\/index.php?rest_route=%2Fwp%2Fv2%2Ftags&post=9231"}],"curies":[{"name":"wp","href":"https:\/\/api.w.org\/{rel}","templated":true}]}}