{"id":9225,"date":"2022-11-06T10:56:00","date_gmt":"2022-11-06T13:56:00","guid":{"rendered":"https:\/\/www.semanariolocal.cl\/?p=9225"},"modified":"2022-11-07T22:57:55","modified_gmt":"2022-11-08T01:57:55","slug":"en-dudas-esta-posible-reconstruccion-del-puente-quilacahuin","status":"publish","type":"post","link":"https:\/\/www.semanariolocal.cl\/?p=9225","title":{"rendered":"En dudas esta posible reconstrucci\u00f3n del Puente Quilacahu\u00edn"},"content":{"rendered":"\n<p>Las posibilidades de iniciar el estudio de ingenier\u00eda y reposici\u00f3n del vetusto puente unilateral de Quilacahuin, en el sector Costa de la Comuna de San Pablo, son m\u00ednimas, ya que la obra no estar\u00eda dentro de las m\u00e1s inmediatas prioridades del &nbsp;Ministerio de Obras P\u00fablicas del actual Gobierno como se hab\u00eda asegurado.<\/p>\n\n\n\n<p>Durante meses el alcalde, Juan Carlos Soto, con el equipo t\u00e9cnico del municipio, han hecho gestiones para mejorar las condiciones del viaducto que por m\u00e1s de 4 a\u00f1os se reconoci\u00f3, oficialmente, con serios problemas en varios sectores de su estructura como resultado del permanente uso de camiones, buses, camionetas y veh\u00edculos particulares.<\/p>\n\n\n\n<p>El alcalde, Juan Carlos Soto, ha encabezado las acciones al m\u00e1s alto nivel con el gobierno para conseguir los dineros sectoriales y poner en marcha la obra, sin embargo todo indica que habr\u00e1 que seguir esperando lo que se traduce en un grave problema para miles de vecinos que deben bajarse del transporte p\u00fablico, cruzar caminando como la \u00fanica medida de seguridad<\/p>\n\n\n\n<p>&nbsp;Esta informaci\u00f3n fue entregada por el propio Gobernador Regional, Patricio Vallesp\u00edn, el que habr\u00eda comunicado que se est\u00e1 pensando en un nuevo proyecto, desconoci\u00e9ndose los motivos de esta nueva determinaci\u00f3n una informaci\u00f3n que se est\u00e1 transformando en un gran dolor de cabeza para el alcalde, Juan Carlos Soto.<\/p>\n","protected":false},"excerpt":{"rendered":"<p>La informaci\u00f3n fue entregada por el propio Gobernador Regional, Patricio Vallesp\u00edn, el que habr\u00eda comunicado que se est\u00e1 pensando en un nuevo proyecto<\/p>\n","protected":false},"author":1,"featured_media":9226,"comment_status":"closed","ping_status":"closed","sticky":false,"template":"","format":"standard","meta":{"footnotes":""},"categories":[3,8],"tags":[432,246,431,273,518,247,430,133],"class_list":["post-9225","post","type-post","status-publish","format-standard","has-post-thumbnail","hentry","category-al-dia","category-comunas","tag-alcalde-de-san-pablo","tag-comunas","tag-juan-carlos-soto-cau-cau","tag-noticias","tag-puente-quilacahuin","tag-region-de-los-lagos","tag-san-pablo","tag-semanario-local"],"_links":{"self":[{"href":"https:\/\/www.semanariolocal.cl\/index.php?rest_route=\/wp\/v2\/posts\/9225","targetHints":{"allow":["GET"]}}],"collection":[{"href":"https:\/\/www.semanariolocal.cl\/index.php?rest_route=\/wp\/v2\/posts"}],"about":[{"href":"https:\/\/www.semanariolocal.cl\/index.php?rest_route=\/wp\/v2\/types\/post"}],"author":[{"embeddable":true,"href":"https:\/\/www.semanariolocal.cl\/index.php?rest_route=\/wp\/v2\/users\/1"}],"replies":[{"embeddable":true,"href":"https:\/\/www.semanariolocal.cl\/index.php?rest_route=%2Fwp%2Fv2%2Fcomments&post=9225"}],"version-history":[{"count":1,"href":"https:\/\/www.semanariolocal.cl\/index.php?rest_route=\/wp\/v2\/posts\/9225\/revisions"}],"predecessor-version":[{"id":9227,"href":"https:\/\/www.semanariolocal.cl\/index.php?rest_route=\/wp\/v2\/posts\/9225\/revisions\/9227"}],"wp:featuredmedia":[{"embeddable":true,"href":"https:\/\/www.semanariolocal.cl\/index.php?rest_route=\/wp\/v2\/media\/9226"}],"wp:attachment":[{"href":"https:\/\/www.semanariolocal.cl\/index.php?rest_route=%2Fwp%2Fv2%2Fmedia&parent=9225"}],"wp:term":[{"taxonomy":"category","embeddable":true,"href":"https:\/\/www.semanariolocal.cl\/index.php?rest_route=%2Fwp%2Fv2%2Fcategories&post=9225"},{"taxonomy":"post_tag","embeddable":true,"href":"https:\/\/www.semanariolocal.cl\/index.php?rest_route=%2Fwp%2Fv2%2Ftags&post=9225"}],"curies":[{"name":"wp","href":"https:\/\/api.w.org\/{rel}","templated":true}]}}