{"id":9216,"date":"2022-11-07T22:24:32","date_gmt":"2022-11-08T01:24:32","guid":{"rendered":"https:\/\/www.semanariolocal.cl\/?p=9216"},"modified":"2022-11-07T22:24:33","modified_gmt":"2022-11-08T01:24:33","slug":"en-chiloe-se-realiza-el-proyecto-participacion-laboral-de-mujeres-en-industria-mitilicultora","status":"publish","type":"post","link":"https:\/\/www.semanariolocal.cl\/?p=9216","title":{"rendered":"En Chilo\u00e9 se realiza el proyecto: \u201cParticipaci\u00f3n Laboral de Mujeres en Industria Mitilicultora\u00bb"},"content":{"rendered":"\n<p>En Chilo\u00e9 se dio comienzo al proyecto \u201cParticipaci\u00f3n Laboral de las Mujeres en la Industria Mitilicultora del Sur de Chile, propuesta enfocada en uno de los ejes de inter\u00e9s planteados por la Subsecretar\u00eda del Trabajo: Desaf\u00edos de la equidad de g\u00e9nero, un programa que se desarrolla de manera h\u00edbrida \u2013 on line y presencial- y que busca promover el di\u00e1logo y mejores pr\u00e1cticas laborales en materia de g\u00e9nero en tan importante sector productivo de la Regi\u00f3n.<\/p>\n\n\n\n<p>En esta oportunidad, participan representantes de las empresas mitilicultoras, ( AMICHILE)&nbsp; dirigentes del rubro y las Serem\u00edas del Trabajo y de La Mujer y Equidad de G\u00e9nero, quienes a trav\u00e9s de exposiciones y mesas de trabajo, pretenden generar acuerdos que puedan ser implementados en la industria.<\/p>\n\n\n\n<p>\u201cNos encontramos satisfechos con la convocatoria que ha tenido este programa, que actualmente cuenta con el compromiso de participaci\u00f3n de diversas organizaciones sindicales de la provincia de Chilo\u00e9, lideradas por la Confederaci\u00f3n nacional de trabajadores de la industria salmonera pesquera, mitilicultura, alimentos y actividades conexas CONATRASAL. Como as\u00ed tambi\u00e9n, de la Asociaci\u00f3n Gremial de Mitilicultores de Chile (AMIChile), importantes empresas del rubro, adem\u00e1s de entidades de gobierno como el Ministerio de la Mujer y Equidad de G\u00e9nero\u201d, especific\u00f3 Patricio Pe\u00f1aloza, coordinador del proyecto, a\u00f1adiendo que, \u201cesperamos que este proceso sea el inicio de un proceso virtuoso que d\u00e9 sostenibilidad a esta industria en materia de empleo y mejoras en las condiciones laborales de las mujeres de Chilo\u00e9\u201d.<\/p>\n\n\n\n<p>Al respecto el Seremi del Trabajo de la regi\u00f3n de Los Lagos, \u00c1ngel Cabrera, se\u00f1al\u00f3 que, \u201cEste proyecto, que forma parte de los ejes de inter\u00e9s planteados por la Subsecretar\u00eda del Trabajo,&nbsp; tiene como objetivo promover buenas pr\u00e1cticas laborales en materia de g\u00e9nero, pero dirigido a la industria Miticultora de nuestra zona. El Gobierno del Presidente Gabriel Boric tiene importantes desaf\u00edos en materia de equidad de g\u00e9nero y por eso estamos ac\u00e1 promoviendo este programa. La verdad es que estamos muy contentos con la alta participaci\u00f3n de las organizaciones sindicales\u201d, dijo el personero de Gobierno.<\/p>\n\n\n\n<p>Javiera Far\u00edas, Jefa de Gesti\u00f3n de personas de Camanchaca Cultivos Sur quien participa de la actividad, dijo que \u201cEstamos muy contentos en participar en este proyecto de Dialogo Social&nbsp; y que pone \u00e9nfasis en la participaci\u00f3n laboral de las mujeres en la industria mitilicultora en el sur de Chile , como Camanchaca estamos agradecidos de haber sido convocados en esta iniciativa&nbsp; que nos permite ir avanzando en la construcci\u00f3n de un camino en conjunto en esta materia\u201d, indic\u00f3 la profesional.<\/p>\n\n\n\n<p>En tanto, Macarena Gr\u00e9 , Seremi de la Mujer y Equidad de G\u00e9nero, indic\u00f3 que, \u201cEste proyecto cuenta con el patrocinio de la ministra de la Mujer Antonia Orellana y&nbsp; me parece importante decir que propiciar el acceso de las mujeres a condiciones de igualdad y de no discriminaci\u00f3n&nbsp; en los espacios laborales, es un trabajo que nos motiva permanentemente y participar de estas instancias de di\u00e1logo, se consigue desde la visibilizaci\u00f3n de las inequidades entre hombres y mujeres&nbsp; y poder configurar un cambio cultural,&nbsp; siendo una l\u00ednea que pretendemos fortalecer para mejorar los \u00edndices de igualdad de derechos&nbsp; entre hombres y mujeres de la regi\u00f3n de los Lagos\u201d.<\/p>\n\n\n\n<p>Gustavo C\u00f3rtez, encargado de Comunicaciones&nbsp; de CONATRASAL y participante de la actividad se\u00f1al\u00f3 que, \u201dMe parece una excelente idea, hac\u00eda tiempo que se quer\u00eda hacer&nbsp; estos di\u00e1logos con la industria mitilicultora y hoy d\u00eda se est\u00e1 realizando y poder conversar los problemas que se presentan. La industria ha crecido much\u00edsimo y m\u00e1s all\u00e1 que hoy d\u00eda se vea el trabajo de las mujeres, puede ser el inicio para ir mucho m\u00e1s all\u00e1\u201d, precis\u00f3 el dirigente.<\/p>\n\n\n\n<p>El proyecto&nbsp; considera &#8211; junto a procesos de entrega de competencias a sus participantes-&nbsp; la realizaci\u00f3n de reuniones de di\u00e1logo tripartito presencial, adem\u00e1s de un seminario de cierre. Las dem\u00e1s actividades se realizan en modalidad on line.<\/p>\n\n\n\n<p>La iniciativa es financiada por la Subsecretar\u00eda del Trabajo y es ejecutada por Pauldeo Consultores, siendo la ciudad de Castro el epicentro de las actividades.<\/p>\n","protected":false},"excerpt":{"rendered":"<p>En Chilo\u00e9 se dio comienzo al proyecto \u201cParticipaci\u00f3n Laboral de las Mujeres en la Industria Mitilicultora del Sur de Chile, propuesta enfocada en uno de los ejes de inter\u00e9s planteados por la Subsecretar\u00eda del Trabajo: Desaf\u00edos de la equidad de g\u00e9nero, un programa que se desarrolla de manera h\u00edbrida \u2013 on line y presencial- y&#8230;<a class=\"btnReadMore\" href=\"https:\/\/www.semanariolocal.cl\/?p=9216\"> Leer M\u00e1s<\/a><\/p>\n","protected":false},"author":1,"featured_media":9217,"comment_status":"closed","ping_status":"closed","sticky":false,"template":"","format":"standard","meta":{"footnotes":""},"categories":[12,9],"tags":[495,496,492,106,441,366,191,337,273,498,247,133,497,282],"class_list":["post-9216","post","type-post","status-publish","format-standard","has-post-thumbnail","hentry","category-economia","category-gobierno","tag-amichile","tag-camanchaca-cultivos-sur","tag-capacitacion","tag-castro","tag-chiloe","tag-economia","tag-gobierno","tag-informacion","tag-noticias","tag-pauldeo-consultores","tag-region-de-los-lagos","tag-semanario-local","tag-subsecretaria-del-trabajo","tag-sur-de-chile"],"_links":{"self":[{"href":"https:\/\/www.semanariolocal.cl\/index.php?rest_route=\/wp\/v2\/posts\/9216","targetHints":{"allow":["GET"]}}],"collection":[{"href":"https:\/\/www.semanariolocal.cl\/index.php?rest_route=\/wp\/v2\/posts"}],"about":[{"href":"https:\/\/www.semanariolocal.cl\/index.php?rest_route=\/wp\/v2\/types\/post"}],"author":[{"embeddable":true,"href":"https:\/\/www.semanariolocal.cl\/index.php?rest_route=\/wp\/v2\/users\/1"}],"replies":[{"embeddable":true,"href":"https:\/\/www.semanariolocal.cl\/index.php?rest_route=%2Fwp%2Fv2%2Fcomments&post=9216"}],"version-history":[{"count":1,"href":"https:\/\/www.semanariolocal.cl\/index.php?rest_route=\/wp\/v2\/posts\/9216\/revisions"}],"predecessor-version":[{"id":9218,"href":"https:\/\/www.semanariolocal.cl\/index.php?rest_route=\/wp\/v2\/posts\/9216\/revisions\/9218"}],"wp:featuredmedia":[{"embeddable":true,"href":"https:\/\/www.semanariolocal.cl\/index.php?rest_route=\/wp\/v2\/media\/9217"}],"wp:attachment":[{"href":"https:\/\/www.semanariolocal.cl\/index.php?rest_route=%2Fwp%2Fv2%2Fmedia&parent=9216"}],"wp:term":[{"taxonomy":"category","embeddable":true,"href":"https:\/\/www.semanariolocal.cl\/index.php?rest_route=%2Fwp%2Fv2%2Fcategories&post=9216"},{"taxonomy":"post_tag","embeddable":true,"href":"https:\/\/www.semanariolocal.cl\/index.php?rest_route=%2Fwp%2Fv2%2Ftags&post=9216"}],"curies":[{"name":"wp","href":"https:\/\/api.w.org\/{rel}","templated":true}]}}