{"id":9213,"date":"2022-11-06T09:57:00","date_gmt":"2022-11-06T12:57:00","guid":{"rendered":"https:\/\/www.semanariolocal.cl\/?p=9213"},"modified":"2022-11-07T22:08:53","modified_gmt":"2022-11-08T01:08:53","slug":"cop27-relatos-de-las-victimas-de-crisis-climatica-subrayan-urgencia-de-actuar","status":"publish","type":"post","link":"https:\/\/www.semanariolocal.cl\/?p=9213","title":{"rendered":"COP27: relatos de las v\u00edctimas de crisis clim\u00e1tica subrayan urgencia de actuar"},"content":{"rendered":"\n<p>Al mismo tiempo que conocemos por los informes m\u00e1s recientes que el mundo se precipita hacia niveles de calentamiento global de\u00a0<a href=\"https:\/\/unfccc.int\/es\/news\/los-planes-climaticos-siguen-siendo-insuficientes-se-necesitan-medidas-mas-ambiciosas-ya\" target=\"_blank\" rel=\"noreferrer noopener\">al menos 2,5 \u00b0C<\/a>, un nuevo documento informativo de Amnist\u00eda Internacional ilustra los efectos devastadores que ya provoca la crisis clim\u00e1tica. En v\u00edsperas de la COP27, la organizaci\u00f3n insta a todos los Estados Partes en la Convenci\u00f3n Marco de las Naciones Unidas sobre el Cambio Clim\u00e1tico (CMNUCC) a actualizar su objetivo de reducci\u00f3n de las emisiones para 2030 a fin de garantizar que es compatible con el de mantener el incremento medio de la temperatura mundial por debajo de 1,5 \u00b0C. <\/p>\n\n\n\n<p>Los Estados deben comprometerse a prescindir gradualmente del uso y la producci\u00f3n de combustibles f\u00f3siles sin recurrir a \u201catajos\u201d da\u00f1inos de eficacia no demostrada, como los mecanismos de retirada del carb\u00f3n, y crear un fondo para da\u00f1os y perjuicios que ofrezca reparaci\u00f3n a las personas cuyos derechos han sido vulnerados a causa de la crisis clim\u00e1tica.<\/p>\n\n\n\n<p><em>\u201cLa COP27 se celebrar\u00e1 tras un verano aterrador en el que el \u00c1rtico ardi\u00f3, Europa fue asolada por olas de calor abrasadoras, y en Pakist\u00e1n y Australia las inundaciones anegaron enormes extensiones de terreno. En resumen, la crisis clim\u00e1tica ya est\u00e1 azotando el planeta, pese a lo cual la mayor\u00eda de los gobiernos han optado por mantener su v\u00ednculo letal con el sector de los combustibles f\u00f3siles, presentando a la desesperada objetivos insuficientes de reducci\u00f3n de las emisiones que luego ni siquiera cumplen\u201d<\/em>, manifest\u00f3 Agn\u00e8s Callamard, secretaria general de Amnist\u00eda Internacional.<\/p>\n\n\n\n<p><a><em>\u201cEl incumplimiento de los objetivos significa que actualmente nos encaminamos hacia un calentamiento global que supera los 2,5 \u00b0C, una situaci\u00f3n en la que se producir\u00e1n hambrunas, sinhogarismo, enfermedades y desplazamientos a una escala casi inimaginable. Estas violaciones de derechos humanos ya se est\u00e1n produciendo en muchas parte del mundo.\u201d<\/em><\/a><\/p>\n\n\n\n<p><em>\u201cA medida que la crisis azota, quienes menos responsabilidad tienen en ella son quienes la est\u00e1n sufriendo en primer lugar y con m\u00e1s dureza, lo que agrava la marginaci\u00f3n que ya sufren. En la COP27 se deben tomar medidas que cambien radicalmente el reparto de responsabilidades y aborden esta injusticia. Los gobiernos ricos deben aumentar su compromiso en materia de financiaci\u00f3n clim\u00e1tica para ayudar a los pa\u00edses de ingresos m\u00e1s bajos a abandonar gradualmente el uso de combustibles f\u00f3siles y ampliar las medidas de adaptaci\u00f3n. Asimismo deben crear un fondo de p\u00e9rdidas y da\u00f1os para proporcionar reparaciones sin demora a las personas cuyos derechos han sido vulnerados por la crisis que ellos ayudaron a originar.\u201d<\/em><\/p>\n\n\n\n<p><strong>\u201cCada d\u00eda soy m\u00e1s pobre\u201d<\/strong><strong><\/strong><\/p>\n\n\n\n<p>El nuevo documento informativo de Amnist\u00eda Internacional,&nbsp;<a href=\"https:\/\/www.amnesty.org\/es\/documents\/IOR40\/6145\/2022\/en\/\" target=\"_blank\" rel=\"noreferrer noopener\"><em>Cualquier marejada podr\u00eda ahogarnos: Historias de la crisis clim\u00e1tica<\/em><\/a>,&nbsp;incluye los casos pr\u00e1cticos de siete comunidades marginadas de distintos lugares del mundo, incluidos Bangladesh, Fiyi, Senegal y el \u00c1rtico ruso.<\/p>\n\n\n\n<p>Amnist\u00eda Internacional trabaj\u00f3 con activistas locales para entrevistar a personas marginadas, entre ellas algunas que viven en zonas del planeta que se encuentran entre las m\u00e1s vulnerables al clima, y difundir sus historias y sus llamamientos a la acci\u00f3n. Sus relatos permiten vislumbrar la vida en primera l\u00ednea de la crisis clim\u00e1tica, que se caracteriza por la discriminaci\u00f3n, el desplazamiento forzado, la perdida de los medios de vida, la inseguridad alimentaria y la destrucci\u00f3n del patrimonio cultural.<\/p>\n\n\n\n<p>En Bangladesh, las personas entrevistadas de comunidades costeras empobrecidas y marginadas, incluida poblaci\u00f3n dalit y del pueblo ind\u00edgena munda,&nbsp;explicaron que las inundaciones frecuentes las obligaban a reconstruir sus casas una y otra vez o a vivir entre las ruinas de las casas anegadas. Las inundaciones tambi\u00e9n da\u00f1aron la infraestructura de agua y saneamiento, lo que ha dejado a las comunidades con agua para el consumo salada y aseos inutilizables.<\/p>\n\n\n\n<p>Los pueblos ind\u00edgenas de la regi\u00f3n \u00e1rtica de Yakutia viven en el extremo noreste de Rusia, donde la temperatura media ha aumentado entre 2 y 3 \u00b0C en los \u00faltimos a\u00f1os. Esto ha causado que el permafrost se descongele, lo que ha intensificado los incendios y provocado p\u00e9rdida de biodiversidad.<\/p>\n\n\n\n<p>Las condiciones meteorol\u00f3gicas impredecibles tienen repercusiones graves en la forma de vida de los pueblos ind\u00edgenas, como un hombre chukcha explic\u00f3: \u201cLas condiciones meteorol\u00f3gicas son esenciales para la forma de vida tradicional de los pueblos ind\u00edgenas. Bas\u00e1ndonos en patrones meteorol\u00f3gicos, determinamos d\u00f3nde pastar\u00e1n los ciervos, donde podemos establecer un campamento entre migraciones, cuando habr\u00e1 tormentas de nieve, cu\u00e1ndo y ad\u00f3nde migrar\u00e1n los animales, las aves y los peces\u201d.<\/p>\n\n\n\n<p>En&nbsp;Qu<em>e<\/em>bec, Canad\u00e1, el pueblo ind\u00edgena innu de la comunidad de Pessamit se enfrenta a peligros similares. El aumento de la temperatura ha dado lugar a una reducci\u00f3n del hielo costero y a otros cambios meteorol\u00f3gicos que han tenido repercusiones graves en la forma de vida de la comunidad. Por ejemplo, el hecho de que los lagos no se hielen en invierno hace que los ancianos no puedan viajar tanto por su territorio ancestral y transmitir su conocimiento tradicional sobre sus pr\u00e1cticas de desplazamiento.<\/p>\n\n\n\n<p><em>\u201cCuando dejas de poder compartir tus conocimientos es una l\u00e1stima. Pierdes un poco tu dignidad\u201d<\/em>, manifest\u00f3 David Toro, asesor ambiental del Consejo Tribal Mamuitun.<\/p>\n\n\n\n<p>Los casos pr\u00e1cticos tambi\u00e9n revelan que la poblaci\u00f3n que sufre p\u00e9rdidas y da\u00f1os debido a la crisis clim\u00e1tica suele quedar abandonada a su suerte tras las cat\u00e1strofes, lo que la obliga a pedir pr\u00e9stamos exorbitantes, migrar, recortar el gasto en alimentaci\u00f3n o retirar a sus hijos e hijas de la escuela.<\/p>\n\n\n\n<p><em>\u201cAntes pod\u00eda mandar a mi hijo a la escuela\u2026 pero ahora no me puedo dar ese lujo. Cada d\u00eda soy m\u00e1s pobre\u201d<\/em>, explic\u00f3 un pescador que vive en la zona del golfo de Fonseca, en Honduras, que peri\u00f3dicamente sufre inundaciones y ciclones.<\/p>\n\n\n\n<p><strong>\u201cNo nos escuchan\u201d<\/strong><\/p>\n\n\n\n<p>Algunas de las personas entrevistadas compartieron informaci\u00f3n sobre las estrategias de adaptaci\u00f3n que han desarrollado, que aportan aprendizajes importantes al resto del mundo y ponen de relieve la importancia de incluir a las comunidades m\u00e1s perjudicadas en la creaci\u00f3n de estrategias para abordar la emergencia clim\u00e1tica. Por ejemplo, la comunidad ind\u00edgena de Pessamit, en Qu\u00e9bec (Canad\u00e1), ha puesto en marcha sendos proyectos para proteger el salm\u00f3n y el carib\u00fa.<\/p>\n\n\n\n<p><em>\u201cDurante los \u00faltimos diez o doce a\u00f1os, la caza comunitaria, e incluso la individual, del carib\u00fa ha estado prohibida\u201d<\/em>, explic\u00f3 Adelard Benjamin, coordinadora de proyecto sobre Territorio y Recursos en Pessamit.<\/p>\n\n\n\n<p>El ingenio de las comunidades m\u00e1s afectadas pone de relieve la importancia de incluirlas de forma genuina en los procesos de toma de decisiones relacionados con las respuestas a la emergencia. Para el pueblo pessamit el impacto del cambio clim\u00e1tico y la degradaci\u00f3n ambiental ha consolidado las desigualdades causadas por largas historias de colonialismo, racismo y discriminaci\u00f3n.<\/p>\n\n\n\n<p>Como Eric Kanap\u00e9, asesor ambiental de la comunidad pessamit, dijo:&nbsp;<em>\u00abNos consultan por cumplir. Proponemos formas nuevas de hacer las cosas pero no nos escuchan. No nos toman en serio\u201d.<\/em><\/p>\n\n\n\n<p>Langue de Barbarie es una pen\u00ednsula de arena pr\u00f3xima a la ciudad senegalesa de Saint Louis en la que viven en torno a 80.000 personas en pueblos pesqueros densamente poblados y con un alto riesgo de inundarse. La erosi\u00f3n costera provoca la p\u00e9rdida de entre cinco y seis metros de playa anualmente; \u201cel mar est\u00e1 avanzando\u201d, como explica un pescador.<\/p>\n\n\n\n<p>Las personas entrevistadas en Saint Louis han desarrollado varias iniciativas propias para lidiar con la crisis clim\u00e1tica. Por ejemplo, un proyecto dirigido por la comunidad ayuda a la poblaci\u00f3n local afectada por la elevaci\u00f3n del nivel del mar a construir casas y poner en marcha actividades de reciclaje que generen ingresos. Otras han puesto en marcha una caja solidaria comunitaria para ayudar a la gente en momentos de dificultad econ\u00f3mica, aunque a veces se queda sin fondos porque los problemas econ\u00f3micos afectan a toda la comunidad.<\/p>\n\n\n\n<p><a>La falta de medidas de apoyo y reparaciones efectivas por las p\u00e9rdidas y da\u00f1os causados por el cambio clim\u00e1tico es una gran injusticia. Los pa\u00edses ricos que m\u00e1s han contribuido al cambio clim\u00e1tico y aquellos que disponen de m\u00e1s recursos tienen una mayor obligaci\u00f3n de proporcionar reparaci\u00f3n. En la COP27 se deber\u00eda empezar por llegar a un acuerdo para establecer un fondo de p\u00e9rdidas y da\u00f1os y adquirir el compromiso de destinar suficiente financiaci\u00f3n para este prop\u00f3sito.<\/a><\/p>\n\n\n\n<p><strong>\u00daltima oportunidad<\/strong><strong><\/strong><\/p>\n\n\n\n<p>Amnist\u00eda Internacional asistir\u00e1 a la COP27 en Sharm El-Sheikh, Egipto, entre el 5 y el 19 de noviembre. La organizaci\u00f3n&nbsp;<a href=\"https:\/\/www.amnesty.org\/es\/latest\/news\/2022\/11\/cop27-delegates-fighting-for-climate-justice-must-also-speak-out-on-egypts-vicious-assault-on-human-rights\/\" target=\"_blank\" rel=\"noreferrer noopener\">pide a todos los gobiernos<\/a>&nbsp;que garanticen urgentemente que sus objetivos de reducci\u00f3n de emisiones para 2030 son compatibles con el de mantener el aumento de la temperatura global por debajo de 1,5 \u00b0C.<\/p>\n\n\n\n<p>Si se satisface el objetivo de 1,5 \u00b0C se mitigar\u00edan algunas de las peores consecuencias del cambio clim\u00e1tico, pero el margen de tiempo para hacerlo se est\u00e1 estrechando r\u00e1pidamente. Pese a que la decisi\u00f3n del Pacto Clim\u00e1tico de Glasgow en la COP26 requer\u00eda a todos los Estados que reforzaran sus objetivos para 2030, s\u00f3lo 22 Estados han presentado compromisos actualizados en 2022. Adem\u00e1s, la mayor\u00eda de las pol\u00edticas nacionales que se est\u00e1n aplicando actualmente son inadecuadas para que se cumplan los compromisos de los Estados.<\/p>\n\n\n\n<p>Los Estados ricos deben presentar un plan claro para aumentar su contribuci\u00f3n a la financiaci\u00f3n clim\u00e1tica, de manera que puedan cumplir colectivamente la meta de larga data de recaudar al menos 100.000 millones de d\u00f3lares estadounidenses al a\u00f1o para ayudar a los pa\u00edses de ingresos m\u00e1s bajos a prescindir gradualmente de los combustibles f\u00f3siles y ampliar las medidas de adaptaci\u00f3n. Adem\u00e1s, los pa\u00edses ricos deben garantizar la provisi\u00f3n r\u00e1pida de nueva financiaci\u00f3n de apoyo y reparaci\u00f3n a las comunidades que han sufrido p\u00e9rdidas y da\u00f1os graves a consecuencia de los efectos del cambio clim\u00e1tico.<\/p>\n\n\n\n<p>La participaci\u00f3n de la sociedad civil en la COP27 est\u00e1 gravemente amenazada por la represi\u00f3n de los derechos a la libertad de expresi\u00f3n, asociaci\u00f3n y reuni\u00f3n pac\u00edfica que las autoridades egipcias llevan a\u00f1os practicando y que Amnist\u00eda ha&nbsp;<a href=\"https:\/\/www.amnesty.org\/es\/location\/middle-east-and-north-africa\/egypt\/\" target=\"_blank\" rel=\"noreferrer noopener\">documentado<\/a>. Todos los Estados asistentes a la COP27 deben presionar al gobierno egipcio para que proteja el espacio de la sociedad civil y garantice la participaci\u00f3n de las ONG y los pueblos ind\u00edgenas.<\/p>\n\n\n\n<p><em>\u201cEstamos viviendo un fen\u00f3meno natural causado por el calentamiento global y causado por nosotros mismos por no reparar el da\u00f1o ecol\u00f3gico que hemos hecho<\/em>\u201d, manifest\u00f3 un residente de Punta Rat\u00f3n, en Honduras.&nbsp;<em>\u201cAhora tenemos que cuidar de lo que queda para las generaciones venideras.\u00bb<\/em><\/p>\n","protected":false},"excerpt":{"rendered":"<p>Al mismo tiempo que conocemos por los informes m\u00e1s recientes que el mundo se precipita hacia niveles de calentamiento global de\u00a0al menos 2,5 \u00b0C, un nuevo documento informativo de Amnist\u00eda Internacional ilustra los efectos devastadores que ya provoca la crisis clim\u00e1tica. En v\u00edsperas de la COP27, la organizaci\u00f3n insta a todos los Estados Partes en&#8230;<a class=\"btnReadMore\" href=\"https:\/\/www.semanariolocal.cl\/?p=9213\"> Leer M\u00e1s<\/a><\/p>\n","protected":false},"author":1,"featured_media":9214,"comment_status":"closed","ping_status":"closed","sticky":false,"template":"","format":"standard","meta":{"footnotes":""},"categories":[3,4],"tags":[491,257,489,490,478,273,247,474,133],"class_list":["post-9213","post","type-post","status-publish","format-standard","has-post-thumbnail","hentry","category-al-dia","category-reportajes","tag-amnistia-internacional","tag-cambio-climatico","tag-cop27","tag-crisis-climatica","tag-informaciones","tag-noticias","tag-region-de-los-lagos","tag-reportajes","tag-semanario-local"],"_links":{"self":[{"href":"https:\/\/www.semanariolocal.cl\/index.php?rest_route=\/wp\/v2\/posts\/9213","targetHints":{"allow":["GET"]}}],"collection":[{"href":"https:\/\/www.semanariolocal.cl\/index.php?rest_route=\/wp\/v2\/posts"}],"about":[{"href":"https:\/\/www.semanariolocal.cl\/index.php?rest_route=\/wp\/v2\/types\/post"}],"author":[{"embeddable":true,"href":"https:\/\/www.semanariolocal.cl\/index.php?rest_route=\/wp\/v2\/users\/1"}],"replies":[{"embeddable":true,"href":"https:\/\/www.semanariolocal.cl\/index.php?rest_route=%2Fwp%2Fv2%2Fcomments&post=9213"}],"version-history":[{"count":1,"href":"https:\/\/www.semanariolocal.cl\/index.php?rest_route=\/wp\/v2\/posts\/9213\/revisions"}],"predecessor-version":[{"id":9215,"href":"https:\/\/www.semanariolocal.cl\/index.php?rest_route=\/wp\/v2\/posts\/9213\/revisions\/9215"}],"wp:featuredmedia":[{"embeddable":true,"href":"https:\/\/www.semanariolocal.cl\/index.php?rest_route=\/wp\/v2\/media\/9214"}],"wp:attachment":[{"href":"https:\/\/www.semanariolocal.cl\/index.php?rest_route=%2Fwp%2Fv2%2Fmedia&parent=9213"}],"wp:term":[{"taxonomy":"category","embeddable":true,"href":"https:\/\/www.semanariolocal.cl\/index.php?rest_route=%2Fwp%2Fv2%2Fcategories&post=9213"},{"taxonomy":"post_tag","embeddable":true,"href":"https:\/\/www.semanariolocal.cl\/index.php?rest_route=%2Fwp%2Fv2%2Ftags&post=9213"}],"curies":[{"name":"wp","href":"https:\/\/api.w.org\/{rel}","templated":true}]}}