{"id":9210,"date":"2022-11-06T09:51:00","date_gmt":"2022-11-06T12:51:00","guid":{"rendered":"https:\/\/www.semanariolocal.cl\/?p=9210"},"modified":"2022-11-07T21:56:42","modified_gmt":"2022-11-08T00:56:42","slug":"santo-tomas-osorno-participo-en-el-lanzamiento-del-proyecto-osorno-nuestra-ciudad","status":"publish","type":"post","link":"https:\/\/www.semanariolocal.cl\/?p=9210","title":{"rendered":"Santo Tom\u00e1s Osorno particip\u00f3 en el lanzamiento del proyecto \u00abOsorno nuestra ciudad\u00bb"},"content":{"rendered":"\n<p>Santo Tom\u00e1s Osorno particip\u00f3 en el lanzamiento del proyecto \u201cOsorno nuestra ciudad\u201d que lleva adelante el Consejo Urbano, organismo del cual la casa de estudios local forma parte desde sus inicios, y que en esta ocasi\u00f3n tuvo como principal prop\u00f3sito dar a conocer los resultados de la Consulta Abierta y sus propuestas para el futuro de la ciudad, la cual estuvo a cargo del Director de carreras \u00c1rea Ingenier\u00eda del Instituto Profesional y Centro de Formaci\u00f3n T\u00e9cnica, Claudio \u00c1ngulo.<\/p>\n\n\n\n<p>En este contexto, Claudio \u00c1ngulo se\u00f1al\u00f3 que \u201ceste instrumento arroj\u00f3 que los osorninos se sienten identificados con la ciudad a trav\u00e9s de su cultura y patrimonio. Por otra parte, tambi\u00e9n se pudo concluir que la comunidad quiere m\u00e1s seguridad y conectividad, entendiendo el Plano Regulador de Osorno requiere actualizaci\u00f3n, y otro aspecto que llam\u00f3 la atenci\u00f3n, es que los osorninos quieren una mejor calidad de vida, pero no a trav\u00e9s de cambios dr\u00e1sticos\u201d.<\/p>\n\n\n\n<p>Entre los resultados de la encuesta, destacan tem\u00e1ticas y desaf\u00edos tales como: regulaci\u00f3n territorial y planificaci\u00f3n urbana con foco en la disminuci\u00f3n de la segregaci\u00f3n espacial, social y econ\u00f3mica, fortalecimiento de la conectividad intra e interurbana que mejore la calidad de vida y potencie el desarrollo econ\u00f3mico, y proyectar una ciudad sostenible ambientalmente.<\/p>\n\n\n\n<p>Cabe recordar que el Consejo Urbano es un espacio abierto de reflexi\u00f3n e intercambio de opiniones, y est\u00e1 conformado por diversos organismos p\u00fablicos, privados, sociales y acad\u00e9micos, como la C\u00e1mara Chilena de la Construcci\u00f3n, Instituciones de Educaci\u00f3n Superior, la Municipalidad de Osorno, la Red Ambiental, la Uni\u00f3n Comunal de la JJ.VV, Colegio de Arquitectos y Santo Tom\u00e1s Osorno.<\/p>\n","protected":false},"excerpt":{"rendered":"<p>En la instancia se dieron a conocer los resultados de la encuesta Consulta Abierta, donde la casa de estudios local expuso los relevantes desaf\u00edos para Osorno.<\/p>\n","protected":false},"author":1,"featured_media":9211,"comment_status":"closed","ping_status":"closed","sticky":false,"template":"","format":"standard","meta":{"footnotes":""},"categories":[3],"tags":[488,484,77,478,487,485,273,132,483,486,247,74,133,373,329],"class_list":["post-9210","post","type-post","status-publish","format-standard","has-post-thumbnail","hentry","category-al-dia","tag-colegio-de-arquitectos","tag-consejo-urbano","tag-educacion","tag-informaciones","tag-la-union-comunal","tag-municipalidad-de-osorno","tag-noticias","tag-osorno","tag-osorno-nuestra-ciudad","tag-red-ambiental","tag-region-de-los-lagos","tag-santo-tomas-2","tag-semanario-local","tag-universidad-santo-tomas","tag-ust"],"_links":{"self":[{"href":"https:\/\/www.semanariolocal.cl\/index.php?rest_route=\/wp\/v2\/posts\/9210","targetHints":{"allow":["GET"]}}],"collection":[{"href":"https:\/\/www.semanariolocal.cl\/index.php?rest_route=\/wp\/v2\/posts"}],"about":[{"href":"https:\/\/www.semanariolocal.cl\/index.php?rest_route=\/wp\/v2\/types\/post"}],"author":[{"embeddable":true,"href":"https:\/\/www.semanariolocal.cl\/index.php?rest_route=\/wp\/v2\/users\/1"}],"replies":[{"embeddable":true,"href":"https:\/\/www.semanariolocal.cl\/index.php?rest_route=%2Fwp%2Fv2%2Fcomments&post=9210"}],"version-history":[{"count":1,"href":"https:\/\/www.semanariolocal.cl\/index.php?rest_route=\/wp\/v2\/posts\/9210\/revisions"}],"predecessor-version":[{"id":9212,"href":"https:\/\/www.semanariolocal.cl\/index.php?rest_route=\/wp\/v2\/posts\/9210\/revisions\/9212"}],"wp:featuredmedia":[{"embeddable":true,"href":"https:\/\/www.semanariolocal.cl\/index.php?rest_route=\/wp\/v2\/media\/9211"}],"wp:attachment":[{"href":"https:\/\/www.semanariolocal.cl\/index.php?rest_route=%2Fwp%2Fv2%2Fmedia&parent=9210"}],"wp:term":[{"taxonomy":"category","embeddable":true,"href":"https:\/\/www.semanariolocal.cl\/index.php?rest_route=%2Fwp%2Fv2%2Fcategories&post=9210"},{"taxonomy":"post_tag","embeddable":true,"href":"https:\/\/www.semanariolocal.cl\/index.php?rest_route=%2Fwp%2Fv2%2Ftags&post=9210"}],"curies":[{"name":"wp","href":"https:\/\/api.w.org\/{rel}","templated":true}]}}