{"id":9200,"date":"2022-11-06T10:43:20","date_gmt":"2022-11-06T13:43:20","guid":{"rendered":"https:\/\/www.semanariolocal.cl\/?p=9200"},"modified":"2022-11-06T10:43:21","modified_gmt":"2022-11-06T13:43:21","slug":"solicitan-instalar-un-labocar-en-chiloe","status":"publish","type":"post","link":"https:\/\/www.semanariolocal.cl\/?p=9200","title":{"rendered":"Solicitan instalar un LABOCAR en Chilo\u00e9"},"content":{"rendered":"\n<p class=\"wp-block-paragraph\">El Presidente Regional del Partido Socialista, Manuel Ballesteros Curumilla solicit\u00f3 a al senador Fidel Espinoza oficiar al General Director de Carabineros de Chile, Patricio Ya\u00f1ez Reveco, para instalar un Laboratorio de Criminal\u00edstica de Carabineros de Chile, Labocar, en la provincia de Chilo\u00e9.&nbsp;<\/p>\n\n\n\n<p class=\"wp-block-paragraph\">Esto a ra\u00edz del asalto efectuado el d\u00eda de ayer a la salida de un banco de la capital provincial, donde cinco sujetos siguieron al afectado para lograr desinflar uno de los neum\u00e1ticos y as\u00ed aprovechar la distracci\u00f3n para robar los m\u00e1s de 20 millones de pesos que este portaba. Por ello, se tuvo que cortar el tr\u00e1nsito y esperar por m\u00e1s de cuatro horas a los funcionarios de la Labocar de Puerto Montt.<\/p>\n\n\n\n<p class=\"wp-block-paragraph\">\u201cHe hablado con la Delegada Presidencial Regional Los Lagos, Giovanna Moreira Almonacid, sobre la preocupaci\u00f3n que tenemos los castre\u00f1os y los habitantes de la provincia de Chilo\u00e9 por los \u00faltimos acontecimientos que se han desarrollado en la zona en materia de seguridad p\u00fablica como asalto a mano armada y robos con intimidaci\u00f3n\u201d, indic\u00f3 el ex core.<\/p>\n\n\n\n<p class=\"wp-block-paragraph\">Para finalizar, Ballesteros pidi\u00f3 a la Delegada Presidencial Regional Los Lagos encabezar un plan especial de anti delincuencia en la provincia de Chilo\u00e9 de manera urgente, con el objeto de no terminar como Santiago que sufre de portonazos, motochorros y otros cr\u00edmenes violentos.<\/p>\n","protected":false},"excerpt":{"rendered":"<p>El Presidente Regional del Partido Socialista, Manuel Ballesteros Curumilla solicit\u00f3 a al senador Fidel Espinoza oficiar al General Director de Carabineros de Chile, Patricio Ya\u00f1ez Reveco, para instalar un Laboratorio de Criminal\u00edstica de Carabineros de Chile, Labocar, en la provincia de Chilo\u00e9.&nbsp; Esto a ra\u00edz del asalto efectuado el d\u00eda de ayer a la salida&#8230;<a class=\"btnReadMore\" href=\"https:\/\/www.semanariolocal.cl\/?p=9200\"> Leer M\u00e1s<\/a><\/p>\n","protected":false},"author":1,"featured_media":9201,"comment_status":"closed","ping_status":"closed","sticky":false,"template":"","format":"standard","meta":{"footnotes":""},"categories":[3],"tags":[],"class_list":["post-9200","post","type-post","status-publish","format-standard","has-post-thumbnail","hentry","category-al-dia"],"_links":{"self":[{"href":"https:\/\/www.semanariolocal.cl\/index.php?rest_route=\/wp\/v2\/posts\/9200","targetHints":{"allow":["GET"]}}],"collection":[{"href":"https:\/\/www.semanariolocal.cl\/index.php?rest_route=\/wp\/v2\/posts"}],"about":[{"href":"https:\/\/www.semanariolocal.cl\/index.php?rest_route=\/wp\/v2\/types\/post"}],"author":[{"embeddable":true,"href":"https:\/\/www.semanariolocal.cl\/index.php?rest_route=\/wp\/v2\/users\/1"}],"replies":[{"embeddable":true,"href":"https:\/\/www.semanariolocal.cl\/index.php?rest_route=%2Fwp%2Fv2%2Fcomments&post=9200"}],"version-history":[{"count":1,"href":"https:\/\/www.semanariolocal.cl\/index.php?rest_route=\/wp\/v2\/posts\/9200\/revisions"}],"predecessor-version":[{"id":9202,"href":"https:\/\/www.semanariolocal.cl\/index.php?rest_route=\/wp\/v2\/posts\/9200\/revisions\/9202"}],"wp:featuredmedia":[{"embeddable":true,"href":"https:\/\/www.semanariolocal.cl\/index.php?rest_route=\/wp\/v2\/media\/9201"}],"wp:attachment":[{"href":"https:\/\/www.semanariolocal.cl\/index.php?rest_route=%2Fwp%2Fv2%2Fmedia&parent=9200"}],"wp:term":[{"taxonomy":"category","embeddable":true,"href":"https:\/\/www.semanariolocal.cl\/index.php?rest_route=%2Fwp%2Fv2%2Fcategories&post=9200"},{"taxonomy":"post_tag","embeddable":true,"href":"https:\/\/www.semanariolocal.cl\/index.php?rest_route=%2Fwp%2Fv2%2Ftags&post=9200"}],"curies":[{"name":"wp","href":"https:\/\/api.w.org\/{rel}","templated":true}]}}