{"id":9146,"date":"2022-11-03T18:11:20","date_gmt":"2022-11-03T21:11:20","guid":{"rendered":"https:\/\/www.semanariolocal.cl\/?p=9146"},"modified":"2022-11-03T18:11:21","modified_gmt":"2022-11-03T21:11:21","slug":"republicanos-y-reforma-de-pensiones-nos-queda-claro-que-disposicion-al-dialogo-no-existe","status":"publish","type":"post","link":"https:\/\/www.semanariolocal.cl\/?p=9146","title":{"rendered":"Republicanos y reforma de pensiones: \u201cNos queda claro que disposici\u00f3n al di\u00e1logo no existe\u201d"},"content":{"rendered":"\n<p>El diputado Harry J\u00fcrgensen, junto a los jefes de la Bancada Republicana Jos\u00e9 Carlos Meza y Luis Fernando S\u00e1nchez, criticaron el proyecto de reforma a las pensiones anunciado anoche por el Presidente Gabriel Boric, en cadena nacional, y reclamaron que no fueron escuchados.<\/p>\n\n\n\n<p>El diputado Harry J\u00fcrgensen, explic\u00f3 que \u201cel Gobierno nuevamente equivoca el camino, y decide hacer un Transantiago Previsional, propone un sistema que estatiza las pensiones, aumentando el gasto en burocracia y operadores. Lo que hace es crear un impuesto al trabajo, que pagar\u00e1n los chilenos con reducci\u00f3n de salario y desempleo, y entregando al estado la propiedad del fruto de su trabajo\u201d.<\/p>\n\n\n\n<p>El parlamentario por la Regi\u00f3n de Los Lagos agreg\u00f3 \u201cle pido al Gobierno que no confunda los temas, y no espere a la reforma del sistema de pensiones que mejore la Pensi\u00f3n Garantizada Universal, y que env\u00ede un proyecto independiente, que podamos tramitar r\u00e1pidamente, que la aumente y se pague con los fondos generales de la naci\u00f3n\u201d, finaliz\u00f3.<\/p>\n\n\n\n<p>Seg\u00fan indicaron los republicanos, sostuvieron una reuni\u00f3n la semana pasada con el Subsecretario de Previsi\u00f3n Social, Christian Larra\u00edn, en la que habr\u00edan manifestado diferencias de fondo, pero tambi\u00e9n habr\u00edan realizado peticiones en cuanto a la forma de tramitar la reforma.<\/p>\n\n\n\n<p>Tal como indic\u00f3 el diputado J\u00fcrgensen, los republicanos solicitaron se separe la discusi\u00f3n de la Reforma Previsional por un lado de la discusi\u00f3n del aumento de la Pensi\u00f3n Garantizada Universal, esto pues existe consenso para aprobar r\u00e1pidamente el aumento de la PGU, lo que ayudar\u00eda a fines de este mes, a ver reflejado en las cuentas en los retiros que podr\u00edan hacer los jubilados. Sin embargo, el Gobierno ha vinculado ambas propuestas, ambas discusiones, lo que va a hacer que se retrase el aumento de la Pensi\u00f3n Garantizada Universal.<\/p>\n\n\n\n<p><strong>Sobre el fondo de la propuesta de reforma<\/strong><\/p>\n\n\n\n<p>El jefe de Bancada critic\u00f3 que \u201chan dicho que es un sistema mixto cuando lo cierto es que lo \u00fanico que buscan es centralizar todo en un \u00f3rgano estatal. Nos han dicho que se mantiene la heredabilidad y la propiedad de los fondos de pensiones, pero lo cierto es que el 6% extra de cotizaci\u00f3n no pertenece a los trabajadores, sino que va a ir a un fondo com\u00fan administrado por este &#8216;ente estatal&#8217;; quienes hacen largas filas en \u00f3rganos estatales para poder hacer tr\u00e1mites, no quieren m\u00e1s organismos estatales. Estas son parte de las ideas que se rechazaron el 4 de septiembre y el gobierno no se da por notificado\u201d.<\/p>\n\n\n\n<p>En esa l\u00ednea el subjefe de la Bancada, Luis Fernando S\u00e1nchez calific\u00f3 como \u201cimpresentable que el Presidente pretenda condicionar la mejora de la jubilaci\u00f3n de los chilenos, aumentando los impuestos un 6% adicional que va a salir del sueldo de los trabajadores y que va a venir al financiar no sabemos qu\u00e9\u2026\u201d.<\/p>\n","protected":false},"excerpt":{"rendered":"<p>Los parlamentarios denunciaron que el Ejecutivo no atendi\u00f3 sus solicitudes en la materia durante la reuni\u00f3n previa a la que fueron citados, llamaron a Boric a adoptar \u201clas medidas que de verdad van a arreglar el sistema de pensiones en nuestro pa\u00eds\u201d y calificaron el proyecto como un \u201cTransantiago Previsional\u201d.<\/p>\n","protected":false},"author":1,"featured_media":9147,"comment_status":"closed","ping_status":"closed","sticky":false,"template":"","format":"standard","meta":{"footnotes":""},"categories":[3,6],"tags":[399,391,273,132,392,396,397,395,393,247,133],"class_list":["post-9146","post","type-post","status-publish","format-standard","has-post-thumbnail","hentry","category-al-dia","category-politica","tag-cotizaciones","tag-harry-jurgensen","tag-noticias","tag-osorno","tag-partido-republicano","tag-pension-garantizada-universal","tag-pgu","tag-presidente-gabriel-boric","tag-reforma-de-pensiones","tag-region-de-los-lagos","tag-semanario-local"],"_links":{"self":[{"href":"https:\/\/www.semanariolocal.cl\/index.php?rest_route=\/wp\/v2\/posts\/9146","targetHints":{"allow":["GET"]}}],"collection":[{"href":"https:\/\/www.semanariolocal.cl\/index.php?rest_route=\/wp\/v2\/posts"}],"about":[{"href":"https:\/\/www.semanariolocal.cl\/index.php?rest_route=\/wp\/v2\/types\/post"}],"author":[{"embeddable":true,"href":"https:\/\/www.semanariolocal.cl\/index.php?rest_route=\/wp\/v2\/users\/1"}],"replies":[{"embeddable":true,"href":"https:\/\/www.semanariolocal.cl\/index.php?rest_route=%2Fwp%2Fv2%2Fcomments&post=9146"}],"version-history":[{"count":1,"href":"https:\/\/www.semanariolocal.cl\/index.php?rest_route=\/wp\/v2\/posts\/9146\/revisions"}],"predecessor-version":[{"id":9148,"href":"https:\/\/www.semanariolocal.cl\/index.php?rest_route=\/wp\/v2\/posts\/9146\/revisions\/9148"}],"wp:featuredmedia":[{"embeddable":true,"href":"https:\/\/www.semanariolocal.cl\/index.php?rest_route=\/wp\/v2\/media\/9147"}],"wp:attachment":[{"href":"https:\/\/www.semanariolocal.cl\/index.php?rest_route=%2Fwp%2Fv2%2Fmedia&parent=9146"}],"wp:term":[{"taxonomy":"category","embeddable":true,"href":"https:\/\/www.semanariolocal.cl\/index.php?rest_route=%2Fwp%2Fv2%2Fcategories&post=9146"},{"taxonomy":"post_tag","embeddable":true,"href":"https:\/\/www.semanariolocal.cl\/index.php?rest_route=%2Fwp%2Fv2%2Ftags&post=9146"}],"curies":[{"name":"wp","href":"https:\/\/api.w.org\/{rel}","templated":true}]}}