{"id":9139,"date":"2022-11-02T20:22:54","date_gmt":"2022-11-02T23:22:54","guid":{"rendered":"https:\/\/www.semanariolocal.cl\/?p=9139"},"modified":"2022-11-02T20:22:55","modified_gmt":"2022-11-02T23:22:55","slug":"tasa-de-desocupacion-en-la-region-de-los-lagos-fue-de-46-entre-julio-y-septiembre","status":"publish","type":"post","link":"https:\/\/www.semanariolocal.cl\/?p=9139","title":{"rendered":"Tasa de desocupaci\u00f3n en la regi\u00f3n de Los Lagos\u00a0fue de 4,6%, entre julio y septiembre"},"content":{"rendered":"\n<p>La Regi\u00f3n de Los Lagos registr\u00f3 una tasa de desocupaci\u00f3n de un 4,6% durante el \u00faltimo trimestre m\u00f3vil, comprendido entre los meses de julio y septiembre de 2022,&nbsp;registrando un aumento de 1,6 puntos porcentuales (pp.) debido a que la fuerza de trabajo aumento (4,8%) en mayor proporci\u00f3n que los ocupados (3,1%),&nbsp;seg\u00fan la \u00faltima Encuesta Regional de Empleo publicada este viernes 28 de octubre por el Instituto Nacional de Estad\u00edsticas (INE).&nbsp;<\/p>\n\n\n\n<p>En contraste los ocupados aumentaron 3,1% en doce meses, equivalente a 10.089 personas. Al respecto, el Seremi del Trabajo y Previsi\u00f3n Social, \u00c1ngel Cabrera se\u00f1al\u00f3 \u00abLa tasa de desocupaci\u00f3n regional durante el trimestre julio-septiembre de 2022 fue 4,6%, registrando un aumento de 1,6 puntos porcentuales (pp.) respecto a igual per\u00edodo del a\u00f1o anterior.\u00a0 En tanto, los ocupados aumentaron en 3,1% lo que representa 10 mil 89 personas m\u00e1s ocupadas. <\/p>\n\n\n\n<p>Como observamos por cuarto trimestre consecutivo los ocupados contin\u00faan en aumento, y aunque es una buena noticia, nos mantenemos cautos y continuamos reforzando nuestro trabajo en materia de empleabilidad tal y como nos ha pedido nuestro presidente Gabriel Boric y desde nuestro Ministerio liderado por Jeannet Jara. Las medidas como el IFE Laboral, que fue extendido por todo el 2023, continuar\u00e1n aportando para mantener buenas cifras en materia de empleabilidad por lo que seguiremos reforzando esta y otras medidas en pro de los trabajadores y trabajadoras\u201d, manifest\u00f3 el\u00a0\u00a0<\/p>\n\n\n\n<p>Por su parte el Seremi de Econom\u00eda, Fomento y Turismo, Luis C\u00e1rdenas, manifest\u00f3 que \u201c&nbsp; En relaci\u00f3n a la tasa de desempleo trimestral en la regi\u00f3n de Los Lagos podemos apreciar que la tasa de desocupaci\u00f3n fue de un 4,6 %, esto significa un aumento de 1,6 puntos porcentuales respecto a igual trimestre del a\u00f1o anterior , si uno lo compara respecto al mes anterior vemos que esto se ha reducido un 0,9%, vale decir,&nbsp; ten\u00edamos en el mes anterior un 5,5% de desocupaci\u00f3n y este mes tuvimos un 4,6% de desocupaci\u00f3n\u201d en cuanto a lo anterior, la autoridad explic\u00f3 que \u201c esto se genera porque la tasa de desocupaci\u00f3n en general ha aumentado debi\u00f3 a que la fuerza de trabajo tambi\u00e9n aumento en un 4,8%, esto es en mayor proporciono que los ocupados, y en relaci\u00f3n a la ocupaci\u00f3n vemos que los ocupados aumentaron un 3,1%, eso implica que durante los \u00faltimos 12 meses tenemos 10.089 personas m\u00e1s como fuerza laboral\u201d.&nbsp;<\/p>\n\n\n\n<p>Finalmente se\u00f1al\u00f3 que \u201cSi uno aprecia lo que ocurre a nivel pa\u00eds con la tasa de desocupaci\u00f3n vemos que esta se mantiene bastante estable en un 8% , esto significa que la capacidad de empleo que ha existido en relaci\u00f3n al \u00faltimo periodo se mantiene de manera razonable y sin embargo, podemos constatar como un buen dato que ha ocurrido con el empleo asalariado que ha aumentado en 500 mil empleos por encima de donde est\u00e1bamos antes de comenzar la crisis, eso tambi\u00e9n es una buena noticia porque significa que el mercado del trabajo ha tenido una capacidad de adaptarse al contexto actual de nuestra econom\u00eda y vemos con buenos ojos para los pr\u00f3ximo meses una estabilidad que es la que buscamos en torno a ir mejorando y recuperando el empleo, pero por otra parte estamos conformes con los ajuste que se han estado haciendo dado que esto ha implicado que el mercado laboral ha respondido de buena manera\u201d.&nbsp;<\/p>\n\n\n\n<p>En doce meses, la estimaci\u00f3n de los ocupados aument\u00f3 3,1%, incidida en mayor parte por los hombres (2,6%), mientras que las mujeres incidieron en menor medida presentando una variaci\u00f3n de 3,8%.<\/p>\n","protected":false},"excerpt":{"rendered":"<p>En tanto los ocupados del trimestre m\u00f3vil julio &#8211; septiembre 2022 aumentaron 3,1% en doce meses, equivalente a 10.089 personas. Por su parte, los desocupados aumentaron 59,6%. <\/p>\n","protected":false},"author":1,"featured_media":9140,"comment_status":"closed","ping_status":"closed","sticky":false,"template":"","format":"standard","meta":{"footnotes":""},"categories":[3,12],"tags":[380,384,366,387,385,386,273,381,132,247,133],"class_list":["post-9139","post","type-post","status-publish","format-standard","has-post-thumbnail","hentry","category-al-dia","category-economia","tag-desempleo","tag-desocupacion","tag-economia","tag-gabriel-boric","tag-ife-laboral","tag-jeannet-jara","tag-noticias","tag-ocupacion","tag-osorno","tag-region-de-los-lagos","tag-semanario-local"],"_links":{"self":[{"href":"https:\/\/www.semanariolocal.cl\/index.php?rest_route=\/wp\/v2\/posts\/9139","targetHints":{"allow":["GET"]}}],"collection":[{"href":"https:\/\/www.semanariolocal.cl\/index.php?rest_route=\/wp\/v2\/posts"}],"about":[{"href":"https:\/\/www.semanariolocal.cl\/index.php?rest_route=\/wp\/v2\/types\/post"}],"author":[{"embeddable":true,"href":"https:\/\/www.semanariolocal.cl\/index.php?rest_route=\/wp\/v2\/users\/1"}],"replies":[{"embeddable":true,"href":"https:\/\/www.semanariolocal.cl\/index.php?rest_route=%2Fwp%2Fv2%2Fcomments&post=9139"}],"version-history":[{"count":1,"href":"https:\/\/www.semanariolocal.cl\/index.php?rest_route=\/wp\/v2\/posts\/9139\/revisions"}],"predecessor-version":[{"id":9141,"href":"https:\/\/www.semanariolocal.cl\/index.php?rest_route=\/wp\/v2\/posts\/9139\/revisions\/9141"}],"wp:featuredmedia":[{"embeddable":true,"href":"https:\/\/www.semanariolocal.cl\/index.php?rest_route=\/wp\/v2\/media\/9140"}],"wp:attachment":[{"href":"https:\/\/www.semanariolocal.cl\/index.php?rest_route=%2Fwp%2Fv2%2Fmedia&parent=9139"}],"wp:term":[{"taxonomy":"category","embeddable":true,"href":"https:\/\/www.semanariolocal.cl\/index.php?rest_route=%2Fwp%2Fv2%2Fcategories&post=9139"},{"taxonomy":"post_tag","embeddable":true,"href":"https:\/\/www.semanariolocal.cl\/index.php?rest_route=%2Fwp%2Fv2%2Ftags&post=9139"}],"curies":[{"name":"wp","href":"https:\/\/api.w.org\/{rel}","templated":true}]}}