{"id":9114,"date":"2022-10-29T15:38:00","date_gmt":"2022-10-29T18:38:00","guid":{"rendered":"https:\/\/www.semanariolocal.cl\/?p=9114"},"modified":"2022-11-01T15:43:27","modified_gmt":"2022-11-01T18:43:27","slug":"junji-los-lagos-lanza-campana-de-inscripcion-2023","status":"publish","type":"post","link":"https:\/\/www.semanariolocal.cl\/?p=9114","title":{"rendered":"Junji Los Lagos lanza campa\u00f1a de inscripci\u00f3n 2023"},"content":{"rendered":"\n<p>La actividad, organizada en el jard\u00edn infantil de Poblaci\u00f3n Antuhue de Puerto Montt, cont\u00f3 con la participaci\u00f3n de la subdirectora (s) de Calidad Educativa de JUNJI, Claudia Alvarez, apoderados y equipo educativo. Ocasi\u00f3n, donde tambi\u00e9n se resalt\u00f3 su proyecto de innovaci\u00f3n y de metodolog\u00eda pedag\u00f3gica llamado Puertas Abiertas.<\/p>\n\n\n\n<p>En el lanzamiento de la campa\u00f1a \u201cEncontr\u00e9monos En El Jard\u00edn\u201d, se hizo un especial llamado a las familias a fortalecer la cultura de la asistencia y que los ni\u00f1os y ni\u00f1as no falten a las salas cuna y jardines infantiles de la JUNJI, que tienen como misi\u00f3n brindar una educaci\u00f3n de calidad para todos los p\u00e1rvulos.<\/p>\n\n\n\n<p>\u201cInvitamos a todas las familias y a la comunidad a inscribir a sus hijos en este Proceso de Inscripci\u00f3n 2023. En la regi\u00f3n, tenemos una oferta program\u00e1tica amplia de 44 jardines infantiles cl\u00e1sicos, 23 programas alternativos y 25 programas en sectores rurales. La educaci\u00f3n inicial entrega alternativas de atenci\u00f3n, estimulaci\u00f3n, ense\u00f1anza y aprendizaje que es la base del desarrollo integral de todos los ni\u00f1os y ni\u00f1as\u201d, enfatiz\u00f3 Claudia Alvarez.<\/p>\n\n\n\n<p>Susana Cortes, apoderada de \u201cLugar de Sol\u201d, destac\u00f3 que el jard\u00edn infantil ha sido una muy buena terapia para su hijo, con condiciones de espectro autista, hiperactividad y d\u00e9ficit atencional. \u201cEl empez\u00f3 aqu\u00ed a hablar, armar frases, compartir con otros ni\u00f1os y a tener m\u00e1s personalidad. Tienen que venir a un jard\u00edn infantil JUNJI, es esencial, ya que cuenta con un gran equipo multidisciplinario de especialista\u201d, dijo.&nbsp;<\/p>\n\n\n\n<p>En los jardines infantiles hay equipos educativos preparados que dise\u00f1an y elaboran diversas estrategias para entregar experiencias pedag\u00f3gicas que ser\u00e1n significativas para los ni\u00f1os y ni\u00f1as, en la medida que asisten frecuentemente al jard\u00edn infantil y as\u00ed aprendan por medio del juego a socializar, adquirir h\u00e1bitos y valores como el respeto, la buena convivencia y el compartir.<\/p>\n\n\n\n<p>\u201cTenemos que incentivar la asistencia, ya que los primeros a\u00f1os de vida son cruciales para el desarrollo integral, de esta manera los aprendizajes generan un impacto positivo, construy\u00e9ndose de manera l\u00fadica y significativa\u201d, sostuvo la directora de Lugar de Sol, Madelinne Diaz.<\/p>\n\n\n\n<p>El proceso de inscripci\u00f3n a los jardines infantiles JUNJI se extender\u00e1 hasta el pr\u00f3ximo viernes 16 de diciembre a las 17:30 horas, principalmente, a trav\u00e9s de la plataforma digital Sistema Inform\u00e1tico de Inscripci\u00f3n y Matr\u00edcula en el sitio web&nbsp;<a href=\"http:\/\/www.junji.cl\/\" target=\"_blank\" rel=\"noreferrer noopener\">www.junji.cl<\/a>&nbsp;(bot\u00f3n \u201cPostula a un Jard\u00edn infantil\u201d) o en&nbsp;<a href=\"http:\/\/simonline.junji.gob.cl\/\" target=\"_blank\" rel=\"noreferrer noopener\">http:\/\/simonline.junji.gob.cl<\/a>.<\/p>\n\n\n\n<p>Tambi\u00e9n, se puede postular directamente en la unidad educativa de preferencia o en el SIAC de la JUNJI &#8211;<a href=\"mailto:msuribe@junji.cl\" target=\"_blank\" rel=\"noreferrer noopener\">msuribe@junji.cl<\/a>&nbsp;o fono 652387010-.<\/p>\n","protected":false},"excerpt":{"rendered":"<p>Con el objetivo de potenciar la asistencia entre los ni\u00f1os y ni\u00f1as, la instituci\u00f3n p\u00fablica inici\u00f3 la campa\u00f1a \u00abEncontr\u00e9monos En El Jard\u00edn: Cuenta Con JUNJI\u00bb en la unidad educativa \u201cLugar de Sol\u201d.<\/p>\n","protected":false},"author":1,"featured_media":9115,"comment_status":"closed","ping_status":"closed","sticky":false,"template":"","format":"standard","meta":{"footnotes":""},"categories":[3,11],"tags":[35,349,348,62,330,247,133],"class_list":["post-9114","post","type-post","status-publish","format-standard","has-post-thumbnail","hentry","category-al-dia","category-educacion","tag-junji","tag-junji-chile","tag-junji-los-lagos","tag-primera-infancia","tag-proceso-2023","tag-region-de-los-lagos","tag-semanario-local"],"_links":{"self":[{"href":"https:\/\/www.semanariolocal.cl\/index.php?rest_route=\/wp\/v2\/posts\/9114","targetHints":{"allow":["GET"]}}],"collection":[{"href":"https:\/\/www.semanariolocal.cl\/index.php?rest_route=\/wp\/v2\/posts"}],"about":[{"href":"https:\/\/www.semanariolocal.cl\/index.php?rest_route=\/wp\/v2\/types\/post"}],"author":[{"embeddable":true,"href":"https:\/\/www.semanariolocal.cl\/index.php?rest_route=\/wp\/v2\/users\/1"}],"replies":[{"embeddable":true,"href":"https:\/\/www.semanariolocal.cl\/index.php?rest_route=%2Fwp%2Fv2%2Fcomments&post=9114"}],"version-history":[{"count":1,"href":"https:\/\/www.semanariolocal.cl\/index.php?rest_route=\/wp\/v2\/posts\/9114\/revisions"}],"predecessor-version":[{"id":9116,"href":"https:\/\/www.semanariolocal.cl\/index.php?rest_route=\/wp\/v2\/posts\/9114\/revisions\/9116"}],"wp:featuredmedia":[{"embeddable":true,"href":"https:\/\/www.semanariolocal.cl\/index.php?rest_route=\/wp\/v2\/media\/9115"}],"wp:attachment":[{"href":"https:\/\/www.semanariolocal.cl\/index.php?rest_route=%2Fwp%2Fv2%2Fmedia&parent=9114"}],"wp:term":[{"taxonomy":"category","embeddable":true,"href":"https:\/\/www.semanariolocal.cl\/index.php?rest_route=%2Fwp%2Fv2%2Fcategories&post=9114"},{"taxonomy":"post_tag","embeddable":true,"href":"https:\/\/www.semanariolocal.cl\/index.php?rest_route=%2Fwp%2Fv2%2Ftags&post=9114"}],"curies":[{"name":"wp","href":"https:\/\/api.w.org\/{rel}","templated":true}]}}