{"id":9111,"date":"2022-10-29T11:00:00","date_gmt":"2022-10-29T14:00:00","guid":{"rendered":"https:\/\/www.semanariolocal.cl\/?p=9111"},"modified":"2022-11-01T15:36:51","modified_gmt":"2022-11-01T18:36:51","slug":"estudiantes-seran-protagonistas-en-feria-cientifica-tecnologia-y-robotica-en-osorno","status":"publish","type":"post","link":"https:\/\/www.semanariolocal.cl\/?p=9111","title":{"rendered":"Estudiantes ser\u00e1n protagonistas en Feria Cient\u00edfica  Tecnolog\u00eda y Rob\u00f3tica en Osorno"},"content":{"rendered":"\n<p>Con la participaci\u00f3n de estudiantes y docentes de colegios de la provincia de Osorno se realizar\u00e1 la segunda versi\u00f3n de la&nbsp;<strong>Feria Cient\u00edfica: Tecnolog\u00eda y Rob\u00f3tica<\/strong>&nbsp;que tendr\u00e1 lugar el 16 de noviembre en dependencias del Centro Cultural de Osorno.<\/p>\n\n\n\n<p>La actividad es organizada bajo una alianza entre la carrera de Pedagog\u00eda en Matem\u00e1tica y Computaci\u00f3n de la&nbsp;<strong>Universidad de Los Lagos y el Colegio Shaddai de Osorno<\/strong>&nbsp;y busca mostrar a toda la comunidad educativa de Osorno proyectos y experiencias de estudiantes acompa\u00f1ados por profesores y profesoras de la provincia, abarcando establecimientos municipales, particulares y subvencionados, quienes constituyeron la Red Zonal Sur de Rob\u00f3tica Educativa.<\/p>\n\n\n\n<p>La jornada adem\u00e1s contar\u00e1 con exposiciones de expertos en diferentes \u00e1reas, entre las que destacamos la charla de divulgaci\u00f3n de la empresa tecnol\u00f3gica Icaro de la ciudad de Puerto Montt, La presentaci\u00f3n de un huerto escolar por parte de la Fundaci\u00f3n Educacional Aulas Sustentables, un charla y reuni\u00f3n de trabajo por parte del Programa IDEODIGITAL para directivos de establecimientos educacionales. Se contar\u00e1 adem\u00e1s con un stand de la carrera, as\u00ed como uno de la Direcci\u00f3n de Acceso, Equidad y Trayectoria, mostrando la oferta de Admisi\u00f3n 2023. Esta oferta, ir\u00e1 nutriendo de conocimiento e informaci\u00f3n a los estudiantes que lleguen a la feria tanto los que exponen, como a la comunidad en general que est\u00e1 invitada a recorrer la feria.<\/p>\n\n\n\n<p>Para el&nbsp;<strong>director de carrera de Pedagog\u00eda media en Matem\u00e1tica y Computaci\u00f3n de la ULagos, Carlos Mart\u00ednez<\/strong>&nbsp;\u201c<em>esta es una actividad programada con mucho inter\u00e9s por cuanto se trata de un espacio para compartir experiencias, reflexiones de manera conjunta entre profesores en formaci\u00f3n que son estudiantes de la carrera, profesorado y estudiantes desde colegios, liceos de la provincia interesados en aprender sobre tecnolog\u00eda y pensamiento computacional, as\u00ed como contacto directo con expertos del campo cient\u00edfico-tecnol\u00f3gico desde distintos lugares de la regi\u00f3n y pa\u00eds. Por estas razones, es que concita inter\u00e9s de colegios por participar, ya que en cada una de sus unidades educativas hay inter\u00e9s en realizar talleres y lograr aprendizajes en este sentido, es atractivo para los ni\u00f1os y ni\u00f1as\u201d<\/em>, sostiene el acad\u00e9mico.<\/p>\n\n\n\n<p>En tanto para el&nbsp;<strong>profesor coordinador desde el Colegio Shaddai, \u00d3scar Plaza de los Reyes<\/strong>&nbsp;<em>\u201cestamos muy ansiosos que llegue la fecha de esta segunda versi\u00f3n y poder volver a encontrarnos junto a los proyectos que los ni\u00f1os llevan trabajando durante meses, estas instancias son altamente valoradas por los docentes que acompa\u00f1an a los estudiantes, por lo que ten\u00edamos la obligaci\u00f3n de&nbsp; retomar estas instancias que la pandemia nos quit\u00f3 de forma moment\u00e1nea las expectativas son altas y sin duda vamos a recibir proyectos muy novedosos tanto en el \u00e1mbito de Ciencia, tecnolog\u00eda y por supuesto la rob\u00f3tica. Tambi\u00e9n mencionar el compromiso de las prestigiosas instituciones que nos respaldan en sentido organizacional como presupuestario, adem\u00e1s habr\u00e1 durante el d\u00eda m\u00e1s de 14 asesores cient\u00edficos de la regi\u00f3n conversando con los estudiantes. Tambi\u00e9n la presencia de empresas que se han sumado para aportar, como lo son ICARO Puerto Montt empresa que har\u00e1 la bajada de charlas basados en la inteligencia artificial, Aulas Sustentables con charlas sobre los huertos escolares hidrop\u00f3nicos, Greenroots quienes nos donaron bolitas energ\u00e9ticas en base de d\u00e1tiles para los equipos participantes, sin duda son granitos de arena que nos ayudan para poder realizar una feria con&nbsp;<\/em>un nivel de producci\u00f3n y contenido a la altura de lo que se merecen nuestros estudiantes de Osorno\u201d, sostuvo el profesor del Colegio Shaddai.<\/p>\n\n\n\n<p>Los colegios que ya han confirmado su participaci\u00f3n son: Colegio Shaddai. (4 equipos). Liceo Tomas Burgos de Purranque (2 equipos), Liceo de Hombres (1 equipo), Juan Ricardo S\u00e1nchez (2 equipos), Colegio Creaci\u00f3n (2equipos), Colegio San Mateo (2 equipos), Colegio Lic\u00e9e Claude Gay (2 Equipos), Colegio Proyecci\u00f3n Siglo XXI (2 equipos), Colegio Emprender (2 equipos), Colegio The Misi\u00f3n College (1 Equipo) y Escuela M\u00e9xico (2 Equipos).<\/p>\n","protected":false},"excerpt":{"rendered":"<p>El mi\u00e9rcoles 16 de noviembre desde las 10.00 a las 17.00 horas se extender\u00e1 la feria en dependencias del Centro Cultural, abierta a toda la comunidad.<\/p>\n","protected":false},"author":1,"featured_media":9112,"comment_status":"closed","ping_status":"closed","sticky":false,"template":"","format":"standard","meta":{"footnotes":""},"categories":[3,11],"tags":[345,346,344,273,132,343,347,133,84],"class_list":["post-9111","post","type-post","status-publish","format-standard","has-post-thumbnail","hentry","category-al-dia","category-educacion","tag-centro-cultural-osorno","tag-colegio-shaddai","tag-feria-cientifica","tag-noticias","tag-osorno","tag-robotica","tag-robotica-educativa","tag-semanario-local","tag-ulagos"],"_links":{"self":[{"href":"https:\/\/www.semanariolocal.cl\/index.php?rest_route=\/wp\/v2\/posts\/9111","targetHints":{"allow":["GET"]}}],"collection":[{"href":"https:\/\/www.semanariolocal.cl\/index.php?rest_route=\/wp\/v2\/posts"}],"about":[{"href":"https:\/\/www.semanariolocal.cl\/index.php?rest_route=\/wp\/v2\/types\/post"}],"author":[{"embeddable":true,"href":"https:\/\/www.semanariolocal.cl\/index.php?rest_route=\/wp\/v2\/users\/1"}],"replies":[{"embeddable":true,"href":"https:\/\/www.semanariolocal.cl\/index.php?rest_route=%2Fwp%2Fv2%2Fcomments&post=9111"}],"version-history":[{"count":1,"href":"https:\/\/www.semanariolocal.cl\/index.php?rest_route=\/wp\/v2\/posts\/9111\/revisions"}],"predecessor-version":[{"id":9113,"href":"https:\/\/www.semanariolocal.cl\/index.php?rest_route=\/wp\/v2\/posts\/9111\/revisions\/9113"}],"wp:featuredmedia":[{"embeddable":true,"href":"https:\/\/www.semanariolocal.cl\/index.php?rest_route=\/wp\/v2\/media\/9112"}],"wp:attachment":[{"href":"https:\/\/www.semanariolocal.cl\/index.php?rest_route=%2Fwp%2Fv2%2Fmedia&parent=9111"}],"wp:term":[{"taxonomy":"category","embeddable":true,"href":"https:\/\/www.semanariolocal.cl\/index.php?rest_route=%2Fwp%2Fv2%2Fcategories&post=9111"},{"taxonomy":"post_tag","embeddable":true,"href":"https:\/\/www.semanariolocal.cl\/index.php?rest_route=%2Fwp%2Fv2%2Ftags&post=9111"}],"curies":[{"name":"wp","href":"https:\/\/api.w.org\/{rel}","templated":true}]}}