{"id":9096,"date":"2022-10-30T14:55:00","date_gmt":"2022-10-30T17:55:00","guid":{"rendered":"https:\/\/www.semanariolocal.cl\/?p=9096"},"modified":"2022-11-01T15:03:51","modified_gmt":"2022-11-01T18:03:51","slug":"la-muerte-viene-estilando-de-andres-montero-obtiene-premio-a-la-mejor-obra-literaria","status":"publish","type":"post","link":"https:\/\/www.semanariolocal.cl\/?p=9096","title":{"rendered":"La muerte viene estilando, de Andr\u00e9s Montero obtiene premio\u00a0a la\u00a0Mejor Obra Literaria"},"content":{"rendered":"\n<p>El&nbsp;jueves 27 de octubre el Ministerio de las Culturas, las Artes y el Patrimonio&nbsp;dio a conocer a los ganadores&nbsp;del&nbsp;<strong>premio Mejores Obras Literarias (MOL) y&nbsp;<\/strong>el&nbsp;autor&nbsp;Andr\u00e9s Montero recibi\u00f3 el galard\u00f3n en la categor\u00eda de Cuento&nbsp;por&nbsp;su libro&nbsp;<em><strong>La muerte viene estilando<\/strong><\/em>, publicado en 2021 por La Pollera Ediciones.<\/p>\n\n\n\n<p>El premio, que data desde 1993,\u00a0<strong>reconoce a las mejores publicaciones nacionales\u00a0<\/strong>en diversas categor\u00edas, tales como Novela, Cuento, Ensayo, Dramaturgia y Poes\u00eda. Este reconocimiento es el segundo que obtiene el libro\u00a0<em>La muerte viene estilando<\/em>, puesto que\u00a0<strong>el 26 de septiembre recibi\u00f3 el Premio de la Academia Chilena de la Lengua<\/strong>.<\/p>\n\n\n\n<p><strong><em>La muerte viene estilando<\/em><\/strong><\/p>\n\n\n\n<p>Quedarse en pana en medio del campo chileno es tambi\u00e9n enredarse en su mitolog\u00eda. Abrir este libro es eso: escapar de la angustia cotidiana para desprenderse hacia un mundo anacr\u00f3nico, desconocido.<br>El fundo Las Nalcas, los patrones y sus hijos, arrieros, potros ch\u00facaros, pescadores, bandoleros y viejos que antes de partir siguen jugando al truco. Sus historias, cruzadas a trav\u00e9s de todos los relatos, bajo el manto de una prosa l\u00edquida tan fluida como refrescante, discurren sin formas, sin predestinaciones, pero con un sentido \u00fanico. Lo cierto es que la muerte, como la lluvia, siempre caer\u00e1.<\/p>\n\n\n\n<p><strong>Andr\u00e9s Montero (Santiago, 1990).<\/strong><\/p>\n\n\n\n<p>Escritor y narrador oral, co-fundador de la Compa\u00f1\u00eda La Matrioska. Autor de las novelas\u00a0<em>Tony Ninguno<\/em>\u00a0y\u00a0<em>Taguada<\/em>; de los libros juveniles\u00a0<em>Alguien toca la puerta<\/em>,<em>\u00a0En el horizonte se dibuja un barco\u00a0<\/em>y<em>\u00a0Tres noches en la escuela<\/em>; y del ensayo\u00a0<em>Por qu\u00e9 contar cuentos en el siglo XXI<\/em>. Ha recibido el Premio Marta Brunet, el Premio Municipal de Santiago y el Premio Pedro de O\u00f1a, entre otros, y ha sido publicado en Chile, Argentina, M\u00e9xico, Espa\u00f1a, Italia y Dinamarca. Es director de la Escuela de Literatura y Oralidad Casa Contada.<br>En 2017 obtuvo el X Premio Iberoamericano de Novela Elena Poniatowska de la Ciudad de M\u00e9xico por la novela<em>\u00a0Tony Ninguno<\/em>, publicada en esta misma editorial.<\/p>\n","protected":false},"excerpt":{"rendered":"<p>El premio, que data desde 1993,\u00a0reconoce a las mejores publicaciones nacionales\u00a0en diversas categor\u00edas, tales como Novela, Cuento, Ensayo, Dramaturgia y Poes\u00eda.<\/p>\n","protected":false},"author":1,"featured_media":9097,"comment_status":"closed","ping_status":"closed","sticky":false,"template":"","format":"standard","meta":{"footnotes":""},"categories":[10],"tags":[320,313,107,319,316,321,315,314,273,317,132,247,133,282],"class_list":["post-9096","post","type-post","status-publish","format-standard","has-post-thumbnail","hentry","category-cultura","tag-academia-chilena-de-la-lengua","tag-andres-montero","tag-cultura","tag-dramaturgia-y-poesia","tag-ensayo","tag-la-pollera-ediciones","tag-libros","tag-mejor-obra-literaria","tag-noticias","tag-novela","tag-osorno","tag-region-de-los-lagos","tag-semanario-local","tag-sur-de-chile"],"_links":{"self":[{"href":"https:\/\/www.semanariolocal.cl\/index.php?rest_route=\/wp\/v2\/posts\/9096","targetHints":{"allow":["GET"]}}],"collection":[{"href":"https:\/\/www.semanariolocal.cl\/index.php?rest_route=\/wp\/v2\/posts"}],"about":[{"href":"https:\/\/www.semanariolocal.cl\/index.php?rest_route=\/wp\/v2\/types\/post"}],"author":[{"embeddable":true,"href":"https:\/\/www.semanariolocal.cl\/index.php?rest_route=\/wp\/v2\/users\/1"}],"replies":[{"embeddable":true,"href":"https:\/\/www.semanariolocal.cl\/index.php?rest_route=%2Fwp%2Fv2%2Fcomments&post=9096"}],"version-history":[{"count":1,"href":"https:\/\/www.semanariolocal.cl\/index.php?rest_route=\/wp\/v2\/posts\/9096\/revisions"}],"predecessor-version":[{"id":9098,"href":"https:\/\/www.semanariolocal.cl\/index.php?rest_route=\/wp\/v2\/posts\/9096\/revisions\/9098"}],"wp:featuredmedia":[{"embeddable":true,"href":"https:\/\/www.semanariolocal.cl\/index.php?rest_route=\/wp\/v2\/media\/9097"}],"wp:attachment":[{"href":"https:\/\/www.semanariolocal.cl\/index.php?rest_route=%2Fwp%2Fv2%2Fmedia&parent=9096"}],"wp:term":[{"taxonomy":"category","embeddable":true,"href":"https:\/\/www.semanariolocal.cl\/index.php?rest_route=%2Fwp%2Fv2%2Fcategories&post=9096"},{"taxonomy":"post_tag","embeddable":true,"href":"https:\/\/www.semanariolocal.cl\/index.php?rest_route=%2Fwp%2Fv2%2Ftags&post=9096"}],"curies":[{"name":"wp","href":"https:\/\/api.w.org\/{rel}","templated":true}]}}