{"id":9070,"date":"2022-11-01T12:49:36","date_gmt":"2022-11-01T15:49:36","guid":{"rendered":"https:\/\/www.semanariolocal.cl\/?p=9070"},"modified":"2022-11-01T13:05:57","modified_gmt":"2022-11-01T16:05:57","slug":"el-reencuentro-de-la-familia-agricola-sera-foco-principal-de-sago-fisur-2022","status":"publish","type":"post","link":"https:\/\/www.semanariolocal.cl\/?p=9070","title":{"rendered":"El reencuentro de la familia agr\u00edcola ser\u00e1 foco principal de Sago Fisur 2022"},"content":{"rendered":"\n<p>Con la participaci\u00f3n de autoridades civiles, militares y eclesi\u00e1sticas, e invitados especiales, la Sociedad Agr\u00edcola y Ganadera de Osorno A.G. lanz\u00f3 oficialmente la nonag\u00e9sima sexta edici\u00f3n de FISUR, la feria silvoagropecuaria m\u00e1s grande del pa\u00eds, que luego de tres a\u00f1os de suspensiones, volver\u00e1 a desarrollarse, entre el jueves 17 y el domingo 20 de noviembre pr\u00f3ximos, en el Recinto SAGO de la ciudad de Osorno.<\/p>\n\n\n\n<p>\u201cEstamos contentos de poder contarle a nuestra regi\u00f3n y al pa\u00eds, que este 2022 vuelve FISUR: un evento que permite reunir a la gran familia de la Agricultura, y que por m\u00e1s de 100 a\u00f1os, ha constru\u00eddo un puente m\u00e1gico entre este sector productivo, el avance tecnol\u00f3gico y del conocimiento, las tradiciones de nuestra tierra, y nuestra querida ciudad de Osorno\u201d, sostuvo el Presidente de SAGO A.G., Sergio Willler Daniel.<\/p>\n\n\n\n<p>\u201cEste evento es propiedad de todos los osorninos, de toda la regi\u00f3n y de todo el pa\u00eds. Por eso, queremos invitar a la comunidad a que venga a su fiesta, que le acerca el campo a la ciudad, que sabemos que con tantas ganas la espera la gente del sur de Chile, y que por distintas razones no se hab\u00eda podido realizar en los \u00faltimos a\u00f1os\u201d, agreg\u00f3 el l\u00edder gremial.<\/p>\n\n\n\n<p>Por su parte, el Alcalde de Osorno, Emeterio Carrillo destac\u00f3 el aporte del evento para la ciudad y la provincia. \u00abFISUR lleva m\u00e1s de 100 a\u00f1os organiz\u00e1ndose en nuestra ciudad, y en el fondo es una fiesta, donde se junta la familia del mundo agr\u00edcola, y que se transforma tambi\u00e9n un gran centro de negocios para la agricultura, donde se ve la nueva tecnolog\u00eda, se van a dictar seminarios, se van a desarrollar exposiciones t\u00e9cnicas, y por lo tanto, es un evento sumamente importante para nuestra ciudad, y para nuestra provincia; y que como lo dec\u00eda el Presidente de SAGO, ya traspas\u00f3 las fronteras de la provincia, de la regi\u00f3n y del pa\u00eds\u00bb, dijo.<\/p>\n\n\n\n<p>En tanto, la Delegada Presidencial de la provincia de Osorno, Claudia Pailalef invit\u00f3 a toda la comunidad \u201cpara ser part\u00edcipe de esta importante jornada del agro del sur de Chile, que es un espacio en que se pueden compartir conocimientos, se puede acceder a informaci\u00f3n de nuevas tecnolog\u00edas para mejorar la productividad de los predios, y que le permite a la peque\u00f1a y mediana agricultura tambi\u00e9n acceder a estos importantes antecedentes y conocimientos para poder mejorar sus propios procesos productivos\u00bb, se\u00f1al\u00f3.<\/p>\n\n\n\n<p>Y la Seremi de Agricultura de Los Lagos, Tania Salas, destac\u00f3 la proyecci\u00f3n del trabajo agr\u00edcola regional, a trav\u00e9s de FISUR. \u00abSe trata de una fiesta muy esperada, muy importante a nivel comunal, a nivel provincial, a nivel regional y tambi\u00e9n de importancia nacional. La agricultura ac\u00e1 se vive, viendo las exposiciones de animales, asistiendo a las charlas y a los seminarios, viendo toda la vida de la agricultura ac\u00e1 en FISUR\u201d, indic\u00f3.<\/p>\n\n\n\n<p>\u00abCreemos que es un evento de importancia nacional y que tenemos que adem\u00e1s relevar como regi\u00f3n, porque este territorio es muy rico en ganader\u00eda, y agricultura, y FISUR sirve justamente para mostrar toda la riqueza que tenemos en la regi\u00f3n, todos los emprendimientos, los productos con valor agregado, los distintos tipos de animales, los distintos tipos de herramientas, forraje, y tantas cosas en las que podemos ser innovadores; y tambi\u00e9n irnos adaptando a lo que es el cambio clim\u00e1tico, y las distintas problem\u00e1ticas enfrenta d\u00eda a d\u00eda la agricultura\u00bb, agreg\u00f3 la autoridad regional del agro.<\/p>\n\n\n\n<p><strong>Programa<\/strong><\/p>\n\n\n\n<p>En la edici\u00f3n 2022 del tradicional evento, las puertas de este recinto SAGO, volver\u00e1n a abrirse para el esperado reencuentro de la comunidad con la principal feria silvoagropecuaria del pa\u00eds, desde el jueves 17, y hasta el domingo 20 de noviembre, con un programa que responde a las tradiciones de esta feria.<\/p>\n\n\n\n<p>Seg\u00fan indic\u00f3 la Jefa del Recinto y de Eventos SAGO, Marcela Acevedo, ya est\u00e1 confirmada la presencia de 170 expositores llegados desde distintos puntos del pa\u00eds, que expondr\u00e1n productos de m\u00e1s de 1000 marcas, a los que se sumar\u00e1n seminarios t\u00e9cnicos, y actividades pensadas para toda la familia.<\/p>\n\n\n\n<p>FISUR mantendr\u00e1 en 2022 su tradicional exposici\u00f3n de animales, con juras de bovinos de raza de carne, de ejemplares de raza Overo Colorado, de vaquillas holando chilena, y de caballares de raza chilena, llegados desde distintos criaderos del sur de Chile, que ser\u00e1n expuestos y evaluados por expertos jurados. Y adem\u00e1s, en la Medialuna Ren\u00e9 Soriano del recinto SAGO, se desarrollar\u00e1 el Gran Rodeo Fisur, para relevar nuestras tradiciones y el deporte nacional.<\/p>\n\n\n\n<p>Por otro lado, la Feria mantendr\u00e1 la muestra de desarrollos tecnol\u00f3gicos, y actualizaci\u00f3n de conocimientos en materia silvoagropecuaria. Por eso, el programa contempla seminarios t\u00e9cnicos con tem\u00e1ticas de inter\u00e9s para las distintas ramas del quehacer agr\u00edcola, como ser\u00e1n los encuentros de productores de granos, de productores ganaderos, el encuentro lechero, y el de productores frut\u00edcolas, en los que expertos expositores actualizar\u00e1n conocimientos, y dialogar\u00e1n con los asistentes sobre el actual estado de estos sectores de la producci\u00f3n de alimentos.<\/p>\n\n\n\n<p>Y por primera vez, las delegaciones de estudiantes de Liceos T\u00e9cnicos Profesionales con especializaci\u00f3n agr\u00edcola que asisten a la feria, podr\u00e1n participar de la Ruta del Conocimiento FISUR, que SAGO A.G. organiza junto a la Corporaci\u00f3n de Desarrollo del Sur, y que considera participaci\u00f3n de las principales empresas del sector agr\u00edcola, con charlas y actividades especialmente pensadas en los j\u00f3venes y sus docentes.<\/p>\n\n\n\n<p>Pero tambi\u00e9n, la 96\u00aa FISUR 2022 ser\u00e1 el gran punto de reuni\u00f3n de la familia del sur de Chile, con la tradicional atenci\u00f3n de los distintos restoranes dispuestos al interior del recinto, una demostraci\u00f3n de las habilidades de perros border collier; y la presentaci\u00f3n del grupo ecuestre \u00abCuadro Negro\u00bb del Ejercito de Chile (Domingo 20, 17.00 horas, Elipse Central); y de la Escuadra Ecuestre Palmas de Pe\u00f1aflor (S\u00e1bado 19, 15.30 horas, Elipse Central), agrupaci\u00f3n que ha representado internacionalmente la identidad chilena, y la chilenidad, mediante un espect\u00e1culo que homenajea principalmente la \u00edntima relaci\u00f3n entre el campesino huaso y su caballo chileno.<\/p>\n\n\n\n<p>El completo programa del evento, ya est\u00e1 publicado en la web de FISUR (<mark style=\"background-color:rgba(0, 0, 0, 0)\" class=\"has-inline-color has-vivid-purple-color\"><strong>www.fisur.cl<\/strong><\/mark>).<\/p>\n","protected":false},"excerpt":{"rendered":"<p>Autoridades civiles, militares y eclesi\u00e1sticas, adem\u00e1s de invitados especiales, se dieron cita en el encuentro con el que se confirm\u00f3 la realizaci\u00f3n entre el 17 y el 20 de noviembre, de la 96\u00aa edici\u00f3n del tradicional evento que por m\u00e1s de 100 a\u00f1os ha acercado el mundo del campo a la comunidad de Osorno y el sur de Chile<\/p>\n","protected":false},"author":1,"featured_media":9071,"comment_status":"closed","ping_status":"closed","sticky":false,"template":"","format":"standard","meta":{"footnotes":""},"categories":[20,3],"tags":[281,274,277,276,280,273,132,279,247,271,270,133,275,272,282,278],"class_list":["post-9070","post","type-post","status-publish","format-standard","has-post-thumbnail","hentry","category-agro","category-al-dia","tag-agricultores","tag-agricultura","tag-claudia-pailalef","tag-emeterio-carrillo","tag-lecheros","tag-noticias","tag-osorno","tag-productores","tag-region-de-los-lagos","tag-sago","tag-sago-a-g","tag-semanario-local","tag-sergio-willer-daniel","tag-sociedad-agricola-y-ganadera-de-osorno","tag-sur-de-chile","tag-tania-salas"],"_links":{"self":[{"href":"https:\/\/www.semanariolocal.cl\/index.php?rest_route=\/wp\/v2\/posts\/9070","targetHints":{"allow":["GET"]}}],"collection":[{"href":"https:\/\/www.semanariolocal.cl\/index.php?rest_route=\/wp\/v2\/posts"}],"about":[{"href":"https:\/\/www.semanariolocal.cl\/index.php?rest_route=\/wp\/v2\/types\/post"}],"author":[{"embeddable":true,"href":"https:\/\/www.semanariolocal.cl\/index.php?rest_route=\/wp\/v2\/users\/1"}],"replies":[{"embeddable":true,"href":"https:\/\/www.semanariolocal.cl\/index.php?rest_route=%2Fwp%2Fv2%2Fcomments&post=9070"}],"version-history":[{"count":1,"href":"https:\/\/www.semanariolocal.cl\/index.php?rest_route=\/wp\/v2\/posts\/9070\/revisions"}],"predecessor-version":[{"id":9072,"href":"https:\/\/www.semanariolocal.cl\/index.php?rest_route=\/wp\/v2\/posts\/9070\/revisions\/9072"}],"wp:featuredmedia":[{"embeddable":true,"href":"https:\/\/www.semanariolocal.cl\/index.php?rest_route=\/wp\/v2\/media\/9071"}],"wp:attachment":[{"href":"https:\/\/www.semanariolocal.cl\/index.php?rest_route=%2Fwp%2Fv2%2Fmedia&parent=9070"}],"wp:term":[{"taxonomy":"category","embeddable":true,"href":"https:\/\/www.semanariolocal.cl\/index.php?rest_route=%2Fwp%2Fv2%2Fcategories&post=9070"},{"taxonomy":"post_tag","embeddable":true,"href":"https:\/\/www.semanariolocal.cl\/index.php?rest_route=%2Fwp%2Fv2%2Ftags&post=9070"}],"curies":[{"name":"wp","href":"https:\/\/api.w.org\/{rel}","templated":true}]}}