{"id":9035,"date":"2022-10-27T08:22:00","date_gmt":"2022-10-27T11:22:00","guid":{"rendered":"https:\/\/www.semanariolocal.cl\/?p=9035"},"modified":"2022-10-28T21:00:57","modified_gmt":"2022-10-29T00:00:57","slug":"diputado-bernales-solicita-al-gobierno-ingresar-proyecto-de-pago-a-30-dias-por-parte-del-estado","status":"publish","type":"post","link":"https:\/\/www.semanariolocal.cl\/?p=9035","title":{"rendered":"Diputado Bernales solicita al Gobierno ingresar proyecto de pago a 30 d\u00edas por parte del Estado"},"content":{"rendered":"\n<p>Lo anterior, consign\u00f3 el parlamentario por el distrito 26, se basa entre otras cosas, a la serie de situaciones que han transparentado empresas y pymes de la regi\u00f3n, que acusan el atraso en el pago de diversos servicios p\u00fablicos, como es el caso, entre otros, de firmas que prestan servicios de conectividad mar\u00edtima o del rubro de la construcci\u00f3n.<\/p>\n\n\n\n<p>Atrasos de pagos, que seg\u00fan Bernales, han ocasionado en ciertas situaciones que las empresas deban desvincular a parte de sus trabajadores para seguir operando o inclusive declararse en quiebra, c\u00f3mo fue el reciente caso de la Constructora Claro Vicu\u00f1a Valenzuela, que dej\u00f3 inconclusas dos obras en la regi\u00f3n: el bypass de Castro y el mejoramiento de la ruta 5 en la comuna de Quell\u00f3n, ocasionando adem\u00e1s que muchas pymes que all\u00ed prestaban servicios, no cuenten hoy con sus pagos al d\u00eda.<\/p>\n\n\n\n<p>\u201cSolicito que se oficie al Ministerio de Econom\u00eda, porque arrastramos un problema hace a\u00f1os, que tiene relaci\u00f3n con el pago oportuno del Estado. Deber\u00edamos aplicar una ley de pronto pago, a 30 d\u00edas por parte del Estado, porque aqu\u00ed muchas empresas que est\u00e1n en situaciones similares (a Claro Vicu\u00f1a) se quejan que hay distintos servicios como Salud por ejemplo que no transfiere a tiempo, en la regi\u00f3n de Los Lagos tenemos barcazas en distintos tramos que Transportes tampoco les ha transferido\u201d, precis\u00f3 el diputado.<\/p>\n\n\n\n<p>A\u00f1adi\u00f3 que \u201clamentablemente muchos trabajadores de estas empresas se han obligado a amenazar con paralizaciones para que se les haga el pago, por tanto, esto es una realidad, tenemos que hacernos responsables, hacernos cargo e implementar a la brevedad una ley de pago a 30 d\u00edas por parte del Estado\u201d.<\/p>\n","protected":false},"excerpt":{"rendered":"<p>El diputado Alejandro Bernales (PL) solicit\u00f3 al Gobierno que ingrese a trav\u00e9s del Ministerio de Econom\u00eda y de manera urgente, un proyecto de pago a 30 d\u00edas por parte del Estado, similar a la ley que existe para los privados, la cual les exige la cancelaci\u00f3n de los servicios que contratan en un plazo m\u00e1ximo de un mes.<\/p>\n","protected":false},"author":1,"featured_media":9036,"comment_status":"closed","ping_status":"closed","sticky":false,"template":"","format":"standard","meta":{"footnotes":""},"categories":[3,6],"tags":[184,187,186,189,191,188,192,190,185],"class_list":["post-9035","post","type-post","status-publish","format-standard","has-post-thumbnail","hentry","category-al-dia","category-politica","tag-alejandro-bernales","tag-diputado","tag-empresas","tag-estado","tag-gobierno","tag-pago-a-30-dias","tag-politica","tag-proyecto-de-ley","tag-pymes"],"_links":{"self":[{"href":"https:\/\/www.semanariolocal.cl\/index.php?rest_route=\/wp\/v2\/posts\/9035","targetHints":{"allow":["GET"]}}],"collection":[{"href":"https:\/\/www.semanariolocal.cl\/index.php?rest_route=\/wp\/v2\/posts"}],"about":[{"href":"https:\/\/www.semanariolocal.cl\/index.php?rest_route=\/wp\/v2\/types\/post"}],"author":[{"embeddable":true,"href":"https:\/\/www.semanariolocal.cl\/index.php?rest_route=\/wp\/v2\/users\/1"}],"replies":[{"embeddable":true,"href":"https:\/\/www.semanariolocal.cl\/index.php?rest_route=%2Fwp%2Fv2%2Fcomments&post=9035"}],"version-history":[{"count":1,"href":"https:\/\/www.semanariolocal.cl\/index.php?rest_route=\/wp\/v2\/posts\/9035\/revisions"}],"predecessor-version":[{"id":9037,"href":"https:\/\/www.semanariolocal.cl\/index.php?rest_route=\/wp\/v2\/posts\/9035\/revisions\/9037"}],"wp:featuredmedia":[{"embeddable":true,"href":"https:\/\/www.semanariolocal.cl\/index.php?rest_route=\/wp\/v2\/media\/9036"}],"wp:attachment":[{"href":"https:\/\/www.semanariolocal.cl\/index.php?rest_route=%2Fwp%2Fv2%2Fmedia&parent=9035"}],"wp:term":[{"taxonomy":"category","embeddable":true,"href":"https:\/\/www.semanariolocal.cl\/index.php?rest_route=%2Fwp%2Fv2%2Fcategories&post=9035"},{"taxonomy":"post_tag","embeddable":true,"href":"https:\/\/www.semanariolocal.cl\/index.php?rest_route=%2Fwp%2Fv2%2Ftags&post=9035"}],"curies":[{"name":"wp","href":"https:\/\/api.w.org\/{rel}","templated":true}]}}