{"id":8957,"date":"2022-10-26T07:59:00","date_gmt":"2022-10-26T10:59:00","guid":{"rendered":"https:\/\/www.semanariolocal.cl\/?p=8957"},"modified":"2022-10-27T00:01:38","modified_gmt":"2022-10-27T03:01:38","slug":"mueblista-recupera-troncos-de-arboles-nativos-manteniendo-la-esencia-natural-del-tronco","status":"publish","type":"post","link":"https:\/\/www.semanariolocal.cl\/?p=8957","title":{"rendered":"Mueblista recupera troncos de \u00e1rboles nativos manteniendo la esencia natural del tronco"},"content":{"rendered":"\n<p>\u201cPensar en cortar un \u00e1rbol vivo me duele profundamente, ya que existen muchos que ya est\u00e1n muertos y se encuentran botados a lo largo de nuestro pa\u00eds. Queremos darle una segunda vida convirti\u00e9ndolos en muebles que respeten las formas naturales del tronco, entreg\u00e1ndoles de alguna manera, vida eterna\u201d, explica Thomas Hatton, mueblista que hace seis a\u00f1os dej\u00f3 Santiago para radicarse en Pichilemu, centro de operaciones de la muebler\u00eda que lleva su nombre.<\/p>\n\n\n\n<p>Entre el 26 y el 30 de octubre se podr\u00e1 visitar en Edificio Alonso by Grupo Patio, una exposici\u00f3n de Muebles Thomas Hatton, donde ser\u00e1 posible apreciar y adquirir sus muebles sustentables creados con madera de \u00e1rboles ca\u00eddos, muchos de ellos nativos.<\/p>\n\n\n\n<p>Muebles Thomas Hatton busca aportar a la industria de la producci\u00f3n responsable creando piezas \u00fanicas, duraderas y de primera calidad. \u201cSon mucho m\u00e1s que muebles, son piezas de arte. Cada uno tiene diferentes colores y texturas, porque fueron pensados para que la madera mantenga su esencia. Ese es el sello de esta muebler\u00eda\u201d, agrega Hatton.<\/p>\n\n\n\n<p>\u201cNos encanta ser una vitrina para visibilizar el talento que hay en nuestro pa\u00eds. El arte tiene m\u00faltiples expresiones y, en este caso, se trata de piezas \u00fanicas que, adem\u00e1s, tienen el valor agregado de la sostenibilidad. La exposici\u00f3n de Muebles Thomas Hatton tiene un valor muy especial ya que combina cultura, creatividad y un especial cuidado por el medio ambiente\u201d, dice Sof\u00eda Garc\u00eda, gestora cultural de Grupo Patio.<\/p>\n\n\n\n<p>La muestra estar\u00e1 en el nivel -1 del edificio (Alonso de C\u00f3rdova 3788, Vitacura), abierta a todo p\u00fablico.<\/p>\n\n\n\n<p>La informaci\u00f3n sobre todos los eventos y actividades se encuentra actualizada en sus redes sociales @edificioalonso en Instagram.&nbsp;<\/p>\n","protected":false},"excerpt":{"rendered":"<p>Mueblista se dedica a recuperar troncos de \u00e1rboles nativos ca\u00eddos y convertirlos en piezas  que mantienen la esencia natural del tronco. <\/p>\n","protected":false},"author":1,"featured_media":8958,"comment_status":"closed","ping_status":"closed","sticky":false,"template":"","format":"standard","meta":{"footnotes":""},"categories":[3,4],"tags":[83,82],"class_list":["post-8957","post","type-post","status-publish","format-standard","has-post-thumbnail","hentry","category-al-dia","category-reportajes","tag-mueblista","tag-thomas-hatton"],"_links":{"self":[{"href":"https:\/\/www.semanariolocal.cl\/index.php?rest_route=\/wp\/v2\/posts\/8957","targetHints":{"allow":["GET"]}}],"collection":[{"href":"https:\/\/www.semanariolocal.cl\/index.php?rest_route=\/wp\/v2\/posts"}],"about":[{"href":"https:\/\/www.semanariolocal.cl\/index.php?rest_route=\/wp\/v2\/types\/post"}],"author":[{"embeddable":true,"href":"https:\/\/www.semanariolocal.cl\/index.php?rest_route=\/wp\/v2\/users\/1"}],"replies":[{"embeddable":true,"href":"https:\/\/www.semanariolocal.cl\/index.php?rest_route=%2Fwp%2Fv2%2Fcomments&post=8957"}],"version-history":[{"count":1,"href":"https:\/\/www.semanariolocal.cl\/index.php?rest_route=\/wp\/v2\/posts\/8957\/revisions"}],"predecessor-version":[{"id":8959,"href":"https:\/\/www.semanariolocal.cl\/index.php?rest_route=\/wp\/v2\/posts\/8957\/revisions\/8959"}],"wp:featuredmedia":[{"embeddable":true,"href":"https:\/\/www.semanariolocal.cl\/index.php?rest_route=\/wp\/v2\/media\/8958"}],"wp:attachment":[{"href":"https:\/\/www.semanariolocal.cl\/index.php?rest_route=%2Fwp%2Fv2%2Fmedia&parent=8957"}],"wp:term":[{"taxonomy":"category","embeddable":true,"href":"https:\/\/www.semanariolocal.cl\/index.php?rest_route=%2Fwp%2Fv2%2Fcategories&post=8957"},{"taxonomy":"post_tag","embeddable":true,"href":"https:\/\/www.semanariolocal.cl\/index.php?rest_route=%2Fwp%2Fv2%2Ftags&post=8957"}],"curies":[{"name":"wp","href":"https:\/\/api.w.org\/{rel}","templated":true}]}}