{"id":8954,"date":"2022-10-26T08:00:00","date_gmt":"2022-10-26T11:00:00","guid":{"rendered":"https:\/\/www.semanariolocal.cl\/?p=8954"},"modified":"2022-10-26T23:51:48","modified_gmt":"2022-10-27T02:51:48","slug":"alpescas-suma-nuevos-gremios-para-fortalecer-institucionalidad-y-redes","status":"publish","type":"post","link":"https:\/\/www.semanariolocal.cl\/?p=8954","title":{"rendered":"ALPESCAS suma nuevos gremios para fortalecer institucionalidad y Redes"},"content":{"rendered":"\n<p>El programa Redes de Am\u00e9rica de la Alianza Latinoamericana para la Pesca Sustentable y Seguridad Alimentaria (ALPESCAS), sigue expandi\u00e9ndose y suma a la C\u00e1mara Nacional de Pesca y Acuicultura de Panam\u00e1 (CNPA) y al Comit\u00e9 de Pesca y Acuicultura de la Sociedad Nacional de Industrias (SNI) de Per\u00fa, siendo seis los pa\u00edses que forman parte del programa que busca reciclar y reutilizar material de pesca en desuso en Latinoam\u00e9rica, Argentina, Chile, Ecuador, M\u00e9xico, Per\u00fa y Panam\u00e1. &nbsp;&nbsp;&nbsp;&nbsp;&nbsp;&nbsp;&nbsp;&nbsp;&nbsp;&nbsp;&nbsp;&nbsp;&nbsp;<\/p>\n\n\n\n<p>La firma de los convenios de colaboraci\u00f3n se realiz\u00f3 en la 8\u00aa Reuni\u00f3n Ordinaria de ALPESCAS, en el marco del 3er Summit Latinoamericano por la Sustentabilidad Pesquera y Acu\u00edcola realizado en Puerto Varas. Si bien, Per\u00fa ya era parte del programa, esta acci\u00f3n se fortalece al incluir a otro gremio de ese pa\u00eds.<\/p>\n\n\n\n<p>Para Osciel Vel\u00e1squez, presidente de ALPESCAS y Sonapesca, \u201cestos compromisos buscan ampliar la cobertura de Redes de Am\u00e9rica, evitar que este material llegue a vertederos y a la pesca ilegal de segunda mano, as\u00ed como generar valor social a trav\u00e9s de intervenciones territoriales que se generen con la donaci\u00f3n de redes para fines de valorizaci\u00f3n y generaci\u00f3n de nuevos productos. Estamos convencidos que la econom\u00eda circular aporta a la sostenibilidad del sector pesquero y del planeta, por lo que seguiremos en esta senda, al igual que con las certificaciones de pesquer\u00edas\u201d.<\/p>\n\n\n\n<p>Por su parte, Gustavo Z\u00fa\u00f1iga, presidente de la CNPA, gremio Paname\u00f1o de pesca y acuicultura que se incorpor\u00f3 oficialmente durante esta reuni\u00f3n, manifest\u00f3 que, \u201cestamos trabajando en sostenibilidad, y para nosotros en importante firmar este convenio porque nos da la oportunidad de evitar que estas redes lleguen al mar, a la basura o a manos de terceros que las reutilizan para hacer pesca ilegal, as\u00ed retribuimos al medio ambiente sacando este material pl\u00e1stico e impactar de la menor forma posible los ecosistemas y al planeta\u201d.<\/p>\n\n\n\n<p>En tanto, Alfonso Miranda, presidente del Comit\u00e9 de Pesca y Acuicultura de la SNI de Per\u00fa, destac\u00f3 la consolidaci\u00f3n que ha tenido la alianza, demostrando la cohesi\u00f3n institucional y madurez en el corto tiempo y la proyecci\u00f3n que tiene. Asimismo, mencion\u00f3 que \u201cla lucha por la sustentabilidad no es un tema que se obtiene y ya se puede descansar, es una mejora continua y un trabajo permanente, porque cada vez encontramos m\u00e1s elementos que permiten la sostenibilidad\u201d.<\/p>\n\n\n\n<p><strong>BBNJ, Pesca de arrastre y seguridad alimentaria<\/strong><\/p>\n\n\n\n<p>Durante la reuni\u00f3n tambi\u00e9n se abordaron diversos temas que comparten los pa\u00edses de Latinoam\u00e9rica como los talleres de pesca de fondo en Naciones Unidas en los se lleg\u00f3 a la conclusi\u00f3n hay avances notorios para recuperar pesquer\u00edas de Ecosistemas Marinos Vulnerables por medio de las medidas implementadas; as\u00ed como tambi\u00e9n la urgencia para fortalecer las diferentes OROPs,&nbsp; en relaci\u00f3n a los cambios propuestos en las negociaciones sobre \u201cDiversidad biol\u00f3gica marina de las zonas situadas fuera de la jurisdicci\u00f3n nacional\u201d (BBNJ, por sus siglas en ingl\u00e9s), las que impactar\u00edan a la gobernanza exigente al crear instituciones con diversas facultades.<\/p>\n\n\n\n<p>Sobre el punto anterior, la alianza manifest\u00f3 que es necesario que las autoridades pesqueras est\u00e9n m\u00e1s presentes en este tipo de instancias para la defensa de los pa\u00edses a nivel internacional, ya que en el \u00faltimo tiempo la participaci\u00f3n ha sido escasa.<\/p>\n\n\n\n<p>Por otro lado, se analiz\u00f3 la situaci\u00f3n que vive Panam\u00e1 en relaci\u00f3n a la incorporaci\u00f3n de ese pa\u00eds para incluir a ciertas especies en CITES (Convenci\u00f3n sobre el Comercio Internacional de Especies Amenazadas de Fauna y Flora Silvestres), medida que no ha sido trabajada en con informaci\u00f3n cient\u00edfica y est\u00e1 afectando a la industria local.<\/p>\n\n\n\n<p>En la oportunidad tambi\u00e9n, se reafirm\u00f3 el compromiso con la seguridad alimentaria de los gremios y c\u00e1maras de Latinoam\u00e9rica, ya que la pesca industrial es relevante para este prop\u00f3sito, aunque tambi\u00e9n, es importante generar alianzas p\u00fablico-privadas que permitan promocionar el consumo de alimentos del mar.<\/p>\n\n\n\n<p>Para finalizar, en conexi\u00f3n desde Costa Rica el presidente de la C\u00e1mara Puntarenense de Pescadores destac\u00f3 que luego de cuatro a\u00f1os sin trabajar con redes de arrastre se autoriz\u00f3 un estudio que permitir\u00eda que puedan desarrollar su trabajo, con ello estiman que a mediados de enero puedan iniciar sus operaciones. Ello, fue muy destacado por los miembros del directorio, ya que en variadas instancias la alianza apoy\u00f3 a la c\u00e1mara para que tomara en cuenta estudios sobre avances en selectividad sostenible.<\/p>\n\n\n\n<p><strong>Alianza con ICFA<\/strong><\/p>\n\n\n\n<p>Otro de los invitados destacados fue la presencia de Javier Garat, Secretario General de la Confederaci\u00f3n Espa\u00f1ola de Pesca (CEPESCA) y Presidente de la Coalici\u00f3n Internacional de Asociaciones Pesqueras (ICFA), esta \u00faltima instituci\u00f3n ha logrado un acuerdo con ALPESCAS para formar una grupo de 26 pa\u00edses para actuar como observadores en los foros internacionales.<\/p>\n\n\n\n<p>\u201cLa existencia de ALPESCAS es muy importante, ya que con una voz alta y clara est\u00e1 llegando a los foros internacionales y est\u00e1 consiguiendo agrupar a un n\u00famero de organizaciones muy importantes (\u2026) esta coalici\u00f3n permite compartir experiencias y defendernos con mayor fuerza y representatividad en foros de Naciones Unidas, FAO y CITES, en los que asistimos como observadores\u201d.&nbsp;<\/p>\n\n\n\n<p><strong>Sobre ALPESCAS<\/strong><\/p>\n\n\n\n<p>ALPESCAS naci\u00f3 con el prop\u00f3sito de unificar y sentar las bases para el desarrollo sostenible de la pesca y acuicultura en Am\u00e9rica Latina y el Caribe. De esta forma, se han ido incorporando 13 gremios de Argentina, Chile, Colombia, Brasil, Costa Rica, Ecuador, El Salvador, M\u00e9xico, Panam\u00e1, Per\u00fa y Uruguay, adem\u00e1s de Comepesca de M\u00e9xico.<\/p>\n\n\n\n<p>Cabe destacar que la pr\u00f3xima reuni\u00f3n de directorio del la alianza se realizar\u00e1 en Panam\u00e1.<\/p>\n","protected":false},"excerpt":{"rendered":"<p>Son seis los pa\u00edses que forman parte del programa de reciclaje de redes de pesca en desuso en Latinoam\u00e9rica, los que han retirado cerca de 6.200 t de este material. Dentro de los temas, tambi\u00e9n se analizaron los talleres de pesca de arrastre de Naciones Unidas, fortalecimiento de las OROPs, FAO y otros foros internacionales, postura sobre BBNJ, seguridad alimentaria y trabajo conjunto.<\/p>\n","protected":false},"author":1,"featured_media":8955,"comment_status":"closed","ping_status":"closed","sticky":false,"template":"","format":"standard","meta":{"footnotes":""},"categories":[3,8,12],"tags":[81,78,79,80],"class_list":["post-8954","post","type-post","status-publish","format-standard","has-post-thumbnail","hentry","category-al-dia","category-comunas","category-economia","tag-acuicola","tag-alpescas","tag-puerto-varas","tag-sustentabilidad-pesquera"],"_links":{"self":[{"href":"https:\/\/www.semanariolocal.cl\/index.php?rest_route=\/wp\/v2\/posts\/8954","targetHints":{"allow":["GET"]}}],"collection":[{"href":"https:\/\/www.semanariolocal.cl\/index.php?rest_route=\/wp\/v2\/posts"}],"about":[{"href":"https:\/\/www.semanariolocal.cl\/index.php?rest_route=\/wp\/v2\/types\/post"}],"author":[{"embeddable":true,"href":"https:\/\/www.semanariolocal.cl\/index.php?rest_route=\/wp\/v2\/users\/1"}],"replies":[{"embeddable":true,"href":"https:\/\/www.semanariolocal.cl\/index.php?rest_route=%2Fwp%2Fv2%2Fcomments&post=8954"}],"version-history":[{"count":1,"href":"https:\/\/www.semanariolocal.cl\/index.php?rest_route=\/wp\/v2\/posts\/8954\/revisions"}],"predecessor-version":[{"id":8956,"href":"https:\/\/www.semanariolocal.cl\/index.php?rest_route=\/wp\/v2\/posts\/8954\/revisions\/8956"}],"wp:featuredmedia":[{"embeddable":true,"href":"https:\/\/www.semanariolocal.cl\/index.php?rest_route=\/wp\/v2\/media\/8955"}],"wp:attachment":[{"href":"https:\/\/www.semanariolocal.cl\/index.php?rest_route=%2Fwp%2Fv2%2Fmedia&parent=8954"}],"wp:term":[{"taxonomy":"category","embeddable":true,"href":"https:\/\/www.semanariolocal.cl\/index.php?rest_route=%2Fwp%2Fv2%2Fcategories&post=8954"},{"taxonomy":"post_tag","embeddable":true,"href":"https:\/\/www.semanariolocal.cl\/index.php?rest_route=%2Fwp%2Fv2%2Ftags&post=8954"}],"curies":[{"name":"wp","href":"https:\/\/api.w.org\/{rel}","templated":true}]}}