{"id":8929,"date":"2022-10-25T21:49:57","date_gmt":"2022-10-26T00:49:57","guid":{"rendered":"https:\/\/www.semanariolocal.cl\/?p=8929"},"modified":"2022-10-25T21:49:58","modified_gmt":"2022-10-26T00:49:58","slug":"crece-levemente-la-ocupacion-pero-aun-es-menor-que-en-2019","status":"publish","type":"post","link":"https:\/\/www.semanariolocal.cl\/?p=8929","title":{"rendered":"Crece levemente la ocupaci\u00f3n, pero a\u00fan es menor que en 2019"},"content":{"rendered":"\n<p>El reciente Term\u00f3metro Laboral entregado por el Observatorio Laboral de Sence que ejecuta la Universidad de Los Lagos da cuenta de un incremento en la tasa de ocupaci\u00f3n entre los meses de junio, julio y agosto 2022 en comparaci\u00f3n con el mismo periodo de 2021. A pesar de ello, el n\u00famero de personas ocupadas es un 15,5% menor&nbsp;que en a\u00f1o 2019.<\/p>\n\n\n\n<p>M\u00e1s concretamente, total de ocupados actuales alcanza a 349.647, y en el 2019, 413.876 (64.228 personas menos trabajando).<\/p>\n\n\n\n<p>Por su parte, la fuerza de trabajo (ocupados m\u00e1s desocupados) con respecto al a\u00f1o anterior, muestra una recuperaci\u00f3n del 9,6%, con un total de 370.063 personas este trimestre Jun-Ago 2022.<\/p>\n\n\n\n<p>El porcentaje de personas en edad de trabajar (15 a\u00f1os o m\u00e1s) y que est\u00e1n ocupadas, se le conoce como la tasa de ocupaci\u00f3n. En la regi\u00f3n, esta tasa alcanza actualmente un 47,8 cifra ligeramente inferior al trimestre anterior, que fue 48,5%. El pa\u00eds por su parte, mantiene una tasa de ocupaci\u00f3n del 55%.<\/p>\n\n\n\n<p>\u201c<em>La ocupaci\u00f3n regional de 47,8% en el trimestre junio, julio, agosto 2022 es mayor a la del mismo trimestre del a\u00f1o pasado y del a\u00f1o 2020, sin embargo, disminuye levemente respecto del trimestre anterior y sigue estando muy por debajo de la media del pa\u00eds\u201d,&nbsp;<\/em>se\u00f1ala la&nbsp;<strong>directora del Observatorio Laboral de Sence, acad\u00e9mica Luz Ferrada.<\/strong><\/p>\n\n\n\n<p>Por nivel educacional, en este trimestre son dos los grupos que muestran una ca\u00edda interanual en su tasa de ocupaci\u00f3n: quienes poseen educaci\u00f3n b\u00e1sica incompleta, junto a quienes poseen formaci\u00f3n profesional. Respectivamente con respecto al 2021, pasan de 26,9% a 24,8% (b\u00e1sica incompleta), y 76,1% a 73,4% (Profesional o m\u00e1s).<\/p>\n\n\n\n<p>Un aspecto a recordar, es que quienes tienen los m\u00e1s bajos niveles de formaci\u00f3n, en este caso educaci\u00f3n b\u00e1sica incompleta, son quienes tambi\u00e9n poseen la tasa de ocupaci\u00f3n m\u00e1s baja.<\/p>\n\n\n\n<p>La tasa de desocupaci\u00f3n regional alcanza el 5,5%, que es superior al resultado del trimestre Jun-Ago 2021 de 3,4%. Adem\u00e1s, entre Jun-Ago 2021 e igual trimestre de 2022 las mujeres aumentaron la tasa de desocupaci\u00f3n de un 3,7% a 6,7%; mientras que el caso de los hombres, la desocupaci\u00f3n aumenta de 3,2% a un actual 4,7%.<\/p>\n\n\n\n<p>SECTORES ECON\u00d3MICOS<\/p>\n\n\n\n<p>Respecto a los sectores econ\u00f3micos de la Regi\u00f3n, solamente Industria Manufacturera, con un incremento de un 11,8%, muestra una recuperaci\u00f3n del empleo con respecto al trimestre Jun-Ago del a\u00f1o 2019. Por la importancia en el empleo regional, destacan la ca\u00edda de Silvoagropecuario y Pesca en -33,9% y Comercio -27,4%. Sin embargo, con respecto al a\u00f1o 2021, las actividades que muestran una mejora porcentual de la ocupaci\u00f3n son; Industria Manufacturera (42,8%), Actividades de Servicios Administrativos e inmobiliarios (30%), Construcci\u00f3n (26,3%) y, Servicios Sociales y Personales (6,2%).<\/p>\n\n\n\n<p>En contraposici\u00f3n, y tambi\u00e9n con respecto al 2021, disminuyen los sectores Comercio (-12,1%), Administraci\u00f3n p\u00fablica (-9,1%), Silvoagropecuario y pesca (-8,3%).<\/p>\n\n\n\n<p><em>\u201cRespecto del trimestre junio, julio, agosto, del a\u00f1o 2019, la ocupaci\u00f3n sigue estando muy por debajo y sectorialmente solamente se incrementa de manera importante, el sector de industria manufacturera, aumentando su participaci\u00f3n en la absorci\u00f3n de empleo de 12,8 a un 16,9% al contrario, disminuye la participaci\u00f3n de dos sectores que son relevantes para nuestra regi\u00f3n como son el sector silvoagropecuario y pesca, comercio<\/em>\u201d, indica Ferrada.<\/p>\n\n\n\n<p>La tasa de ocupaci\u00f3n informal en la Regi\u00f3n en este \u00faltimo trimestre m\u00f3vil se sit\u00faa en 27,1%, mientras que en Jun-Ago 2021 alcanz\u00f3 el 25,9%. Aunque por sexo, lo hombres muestran un nivel de informalidad mayor, interanualmente las mujeres pasaron desde un 22,5% a un actual 26,3%, y los hombres pasan de 28,1% a 27,6%.<\/p>\n\n\n\n<p>DISMINUYEN VACANTES<\/p>\n\n\n\n<p>Por medio del Sistema de An\u00e1lisis de Bolsas de Empleo (SABE), se encontr\u00f3 para la regi\u00f3n de Los Lagos que en septiembre de 2022 hay una ca\u00edda del 34,3% en el n\u00famero de vacantes de empleo en comparaci\u00f3n al n\u00famero de vacantes del mismo mes en el 2021. Las dos ocupaciones m\u00e1s requeridas fueron \u201cVendedores y asistentes de venta de tiendas, almacenes y puestos de mercado\u201d y \u201cVendedores por internet y otros medios de comunicaci\u00f3n\u201d. En su conjunto, estas dos ocupaciones representaron 30,2% de las vacantes ofrecidas.<\/p>\n\n\n\n<p><em>\u201cObservando las vacantes de empleo vemos una tendencia creciente hasta febrero de 2022, sin embargo, a partir de marzo de este a\u00f1o se observa una tendencia decreciente y eso contin\u00faa hasta septiembre reciente donde el n\u00famero de vacantes de empleo fue menor en 34,3% respecto de septiembre del a\u00f1o 2021\u201d,&nbsp;<\/em>indica la directora del Observatorio Laboral.<\/p>\n\n\n\n<p>Considerando las 20 ocupaciones m\u00e1s solicitadas en la regi\u00f3n, la experiencia promedio que se solicita es de 1,18 a\u00f1os. Destacan \u201cT\u00e9cnicos en electricidad\u201d que se les solicita como promedio de 2 a\u00f1os de experiencia promedio.<\/p>\n","protected":false},"excerpt":{"rendered":"<p>Observatorio Laboral de Sence entrega nuevo Term\u00f3metro Laboral con la radiograf\u00eda del empleo en los \u00faltimos 3 meses en la Regi\u00f3n de Los Lagos.<\/p>\n","protected":false},"author":1,"featured_media":8930,"comment_status":"closed","ping_status":"closed","sticky":false,"template":"","format":"standard","meta":{"footnotes":""},"categories":[3,12],"tags":[],"class_list":["post-8929","post","type-post","status-publish","format-standard","has-post-thumbnail","hentry","category-al-dia","category-economia"],"_links":{"self":[{"href":"https:\/\/www.semanariolocal.cl\/index.php?rest_route=\/wp\/v2\/posts\/8929","targetHints":{"allow":["GET"]}}],"collection":[{"href":"https:\/\/www.semanariolocal.cl\/index.php?rest_route=\/wp\/v2\/posts"}],"about":[{"href":"https:\/\/www.semanariolocal.cl\/index.php?rest_route=\/wp\/v2\/types\/post"}],"author":[{"embeddable":true,"href":"https:\/\/www.semanariolocal.cl\/index.php?rest_route=\/wp\/v2\/users\/1"}],"replies":[{"embeddable":true,"href":"https:\/\/www.semanariolocal.cl\/index.php?rest_route=%2Fwp%2Fv2%2Fcomments&post=8929"}],"version-history":[{"count":1,"href":"https:\/\/www.semanariolocal.cl\/index.php?rest_route=\/wp\/v2\/posts\/8929\/revisions"}],"predecessor-version":[{"id":8931,"href":"https:\/\/www.semanariolocal.cl\/index.php?rest_route=\/wp\/v2\/posts\/8929\/revisions\/8931"}],"wp:featuredmedia":[{"embeddable":true,"href":"https:\/\/www.semanariolocal.cl\/index.php?rest_route=\/wp\/v2\/media\/8930"}],"wp:attachment":[{"href":"https:\/\/www.semanariolocal.cl\/index.php?rest_route=%2Fwp%2Fv2%2Fmedia&parent=8929"}],"wp:term":[{"taxonomy":"category","embeddable":true,"href":"https:\/\/www.semanariolocal.cl\/index.php?rest_route=%2Fwp%2Fv2%2Fcategories&post=8929"},{"taxonomy":"post_tag","embeddable":true,"href":"https:\/\/www.semanariolocal.cl\/index.php?rest_route=%2Fwp%2Fv2%2Ftags&post=8929"}],"curies":[{"name":"wp","href":"https:\/\/api.w.org\/{rel}","templated":true}]}}