{"id":8926,"date":"2022-10-25T21:47:33","date_gmt":"2022-10-26T00:47:33","guid":{"rendered":"https:\/\/www.semanariolocal.cl\/?p=8926"},"modified":"2022-10-25T21:47:34","modified_gmt":"2022-10-26T00:47:34","slug":"diputado-barria-voto-a-favor-de-la-suspension-de-la-evaluacion-docente","status":"publish","type":"post","link":"https:\/\/www.semanariolocal.cl\/?p=8926","title":{"rendered":"Diputado Barr\u00eda vot\u00f3 a favor de la suspensi\u00f3n de la evaluaci\u00f3n docente"},"content":{"rendered":"\n<p>Frente a lo cual el Diputado del Distrito 25, H\u00e9ctor Barr\u00eda manifest\u00f3,&nbsp;<strong><em>\u201cQuiero entregar mi apoyo a este proyecto que busca suspender la evaluaci\u00f3n docente de los profesionales de la educaci\u00f3n p\u00fablica, ya sea municipal o los que est\u00e1n bajo el alero de los Servicios Locales de Educaci\u00f3n P\u00fablica\u201d<\/em><\/strong><\/p>\n\n\n\n<p><strong><em>\u201cLa pandemia COVID-19 hizo que las comunidades educativas vieran interrumpidos sus procesos normales. Por lo que se requiere un tiempo de ajuste necesario para que los profesores y profesoras vuelvan a evaluarse de manera obligatoria. Sobre todo, considerando sus necesidades de tipo laboral y familiar, y al constante estr\u00e9s que fueron sometidos\u201d.<\/em><\/strong><\/p>\n\n\n\n<p>Por otra parte, el Diputado Barr\u00eda mencion\u00f3;&nbsp;<strong><em>\u201cLo anterior nos permitir\u00e1 generar mejores condiciones en el futuro y as\u00ed mejorar el sistema educativo, y por supuesto realizar las respectivas evaluaciones\u201d<\/em><\/strong><\/p>\n\n\n\n<p><strong><em>Cabe adem\u00e1s tener presente, que este proyecto se hace cargo de una necesidad postergada. Que sabemos no fue aprobada hace un tiempo en el proyecto de Ley miscel\u00e1nea. Por lo que aprobando este proyecto corregiremos esta situaci\u00f3n, dando certeza a las y los profesores, respecto a tener la seguridad si deber\u00e1n o no someterse al proceso de evaluaci\u00f3n docente en el presente a\u00f1o.<\/em><\/strong><\/p>\n\n\n\n<p>Finalmente el Diputado Barr\u00eda agreg\u00f3; \u201c<strong><em>Pensando en las y los docentes de Chile y de las comunas de mi distrito. Votaremos a favor de este proyecto. Mi reconocimiento al colegio de profesores y profesoras, que sin esperar nada a cambio siempre est\u00e1n a disposici\u00f3n de nuestros hijos e hijas\u201d.<\/em><\/strong><\/p>\n","protected":false},"excerpt":{"rendered":"<p>El Diputado H\u00e9ctor Barr\u00eda vot\u00f3 a favor de la suspensi\u00f3n de la evaluaci\u00f3n docente voluntaria. Destacando el compromiso de los profesionales de la educaci\u00f3n, hombres y mujeres, que en situaciones extraordinarias como el COVID-19 se la jugaron por sus estudiantes. <\/p>\n","protected":false},"author":1,"featured_media":8927,"comment_status":"closed","ping_status":"closed","sticky":false,"template":"","format":"standard","meta":{"footnotes":""},"categories":[6],"tags":[],"class_list":["post-8926","post","type-post","status-publish","format-standard","has-post-thumbnail","hentry","category-politica"],"_links":{"self":[{"href":"https:\/\/www.semanariolocal.cl\/index.php?rest_route=\/wp\/v2\/posts\/8926","targetHints":{"allow":["GET"]}}],"collection":[{"href":"https:\/\/www.semanariolocal.cl\/index.php?rest_route=\/wp\/v2\/posts"}],"about":[{"href":"https:\/\/www.semanariolocal.cl\/index.php?rest_route=\/wp\/v2\/types\/post"}],"author":[{"embeddable":true,"href":"https:\/\/www.semanariolocal.cl\/index.php?rest_route=\/wp\/v2\/users\/1"}],"replies":[{"embeddable":true,"href":"https:\/\/www.semanariolocal.cl\/index.php?rest_route=%2Fwp%2Fv2%2Fcomments&post=8926"}],"version-history":[{"count":1,"href":"https:\/\/www.semanariolocal.cl\/index.php?rest_route=\/wp\/v2\/posts\/8926\/revisions"}],"predecessor-version":[{"id":8928,"href":"https:\/\/www.semanariolocal.cl\/index.php?rest_route=\/wp\/v2\/posts\/8926\/revisions\/8928"}],"wp:featuredmedia":[{"embeddable":true,"href":"https:\/\/www.semanariolocal.cl\/index.php?rest_route=\/wp\/v2\/media\/8927"}],"wp:attachment":[{"href":"https:\/\/www.semanariolocal.cl\/index.php?rest_route=%2Fwp%2Fv2%2Fmedia&parent=8926"}],"wp:term":[{"taxonomy":"category","embeddable":true,"href":"https:\/\/www.semanariolocal.cl\/index.php?rest_route=%2Fwp%2Fv2%2Fcategories&post=8926"},{"taxonomy":"post_tag","embeddable":true,"href":"https:\/\/www.semanariolocal.cl\/index.php?rest_route=%2Fwp%2Fv2%2Ftags&post=8926"}],"curies":[{"name":"wp","href":"https:\/\/api.w.org\/{rel}","templated":true}]}}