{"id":8923,"date":"2022-10-25T21:45:14","date_gmt":"2022-10-26T00:45:14","guid":{"rendered":"https:\/\/www.semanariolocal.cl\/?p=8923"},"modified":"2022-10-25T21:45:15","modified_gmt":"2022-10-26T00:45:15","slug":"senador-espinoza-valoro-construccion-de-la-doble-via-para-calbuco","status":"publish","type":"post","link":"https:\/\/www.semanariolocal.cl\/?p=8923","title":{"rendered":"Senador Espinoza valor\u00f3 construcci\u00f3n de la Doble V\u00eda para Calbuco."},"content":{"rendered":"\n<p>El senador socialista por la regi\u00f3n de Los Lagos, Fidel Espinoza, expres\u00f3 su satisfacci\u00f3n por el anuncio de la construcci\u00f3n de la doble v\u00eda para Calbuco, una obra emblem\u00e1tica que permitir\u00e1 mejorar la conectividad, reducir los accidentes de tr\u00e1nsito y minorar los tiempos de viaje desde Puerto Montt hacia la comuna y viceversa.<\/p>\n\n\n\n<p>El proyecto fue gestionado por el alcalde Francisco Calbucoy, el Gobierno Regional de Los Lagos y la Serem\u00eda de Obras P\u00fablicas.<\/p>\n\n\n\n<p>\u201cEstamos muy contentos y felices por esta obra gigante para nuestra regi\u00f3n, para la provincia de Llanquihue en particular, pues se trata de una iniciativa con una inversi\u00f3n de m\u00e1s de 30 mil millones de pesos, donde ya hay una empresa en proceso de licitaci\u00f3n. Es un proyecto de reposici\u00f3n y ampliaci\u00f3n a doble calzada en la ruta B85, entre el sector de Yale y San Rafael, que es el inicio de la zona urbana de Calbuco\u201d, manifest\u00f3 el parlamentario.<\/p>\n\n\n\n<p>En ese sentido, el senador dijo que este importante proyecto \u201cva a mejorar ostensiblemente la conectividad hacia la comuna de Calbuco y viceversa, que se ve bastante complicada por las horas punta, el transporte pesado que va hacia el puerto petrolero y los forestales que trasladan sus productos. Por ello, implicar\u00e1 un mejoramiento que va cambiar la vida de manera muy relevante a toda nuestra gente de Calbuco\u201d.<\/p>\n\n\n\n<p>Esta iniciativa, adem\u00e1s de acortar la distancia y reducir accidentes de tr\u00e1nsito, mejorar\u00e1 el comercio y la econom\u00eda de la regi\u00f3n. Asimismo, permitir\u00e1 atender emergencias de ambulancias y la pronta llegada de bomberos ante siniestros. \u201cEste proyecto provoca un impacto significativo para toda la comuna y es un adelanto tremendo y valorable que nos llena de orgullo\u201d.<\/p>\n","protected":false},"excerpt":{"rendered":"<p>Obra mejorar\u00e1 la conectividad no s\u00f3lo de Calbuco, sino tambi\u00e9n de toda la provincia de Llanquihue.<\/p>\n","protected":false},"author":1,"featured_media":8924,"comment_status":"closed","ping_status":"closed","sticky":false,"template":"","format":"standard","meta":{"footnotes":""},"categories":[3],"tags":[],"class_list":["post-8923","post","type-post","status-publish","format-standard","has-post-thumbnail","hentry","category-al-dia"],"_links":{"self":[{"href":"https:\/\/www.semanariolocal.cl\/index.php?rest_route=\/wp\/v2\/posts\/8923","targetHints":{"allow":["GET"]}}],"collection":[{"href":"https:\/\/www.semanariolocal.cl\/index.php?rest_route=\/wp\/v2\/posts"}],"about":[{"href":"https:\/\/www.semanariolocal.cl\/index.php?rest_route=\/wp\/v2\/types\/post"}],"author":[{"embeddable":true,"href":"https:\/\/www.semanariolocal.cl\/index.php?rest_route=\/wp\/v2\/users\/1"}],"replies":[{"embeddable":true,"href":"https:\/\/www.semanariolocal.cl\/index.php?rest_route=%2Fwp%2Fv2%2Fcomments&post=8923"}],"version-history":[{"count":1,"href":"https:\/\/www.semanariolocal.cl\/index.php?rest_route=\/wp\/v2\/posts\/8923\/revisions"}],"predecessor-version":[{"id":8925,"href":"https:\/\/www.semanariolocal.cl\/index.php?rest_route=\/wp\/v2\/posts\/8923\/revisions\/8925"}],"wp:featuredmedia":[{"embeddable":true,"href":"https:\/\/www.semanariolocal.cl\/index.php?rest_route=\/wp\/v2\/media\/8924"}],"wp:attachment":[{"href":"https:\/\/www.semanariolocal.cl\/index.php?rest_route=%2Fwp%2Fv2%2Fmedia&parent=8923"}],"wp:term":[{"taxonomy":"category","embeddable":true,"href":"https:\/\/www.semanariolocal.cl\/index.php?rest_route=%2Fwp%2Fv2%2Fcategories&post=8923"},{"taxonomy":"post_tag","embeddable":true,"href":"https:\/\/www.semanariolocal.cl\/index.php?rest_route=%2Fwp%2Fv2%2Ftags&post=8923"}],"curies":[{"name":"wp","href":"https:\/\/api.w.org\/{rel}","templated":true}]}}