{"id":8920,"date":"2022-10-25T21:36:34","date_gmt":"2022-10-26T00:36:34","guid":{"rendered":"https:\/\/www.semanariolocal.cl\/?p=8920"},"modified":"2022-10-25T21:36:34","modified_gmt":"2022-10-26T00:36:34","slug":"diputados-solicitan-al-presidente-boric-crear-subsecretaria-de-salud-mental","status":"publish","type":"post","link":"https:\/\/www.semanariolocal.cl\/?p=8920","title":{"rendered":"Diputados solicitan al Presidente Boric crear Subsecretar\u00eda de Salud Mental"},"content":{"rendered":"\n<p>A trav\u00e9s de un Proyecto de Resoluci\u00f3n, un grupo transversal de diputadas y diputados, encabezado por Marta Gonz\u00e1lez (Independiente- PPD), solicit\u00f3 al Presidente de la Rep\u00fablica, Gabriel Boric,&nbsp;disponer el env\u00edo de un proyecto de ley cuyo objetivo sea la creaci\u00f3n de la Subsecretar\u00eda de Salud Mental.<\/p>\n\n\n\n<p>\u00abEstamos ac\u00e1 por un tema que nos une y tiene que ver con una de las crisis m\u00e1s importantes que estamos viviendo, que es la urgente crisis que existe en torno a la salud mental, que se ha agudizado tras la pandemia. Estos efectos son negativos e impactan a quienes padecen de alg\u00fan trastorno, a su familia y a la sociedad en su conjunto\u00bb, indic\u00f3 la diputada Gonz\u00e1lez.<\/p>\n\n\n\n<p>La parlamentaria se\u00f1al\u00f3 que \u00ablos problemas empiezan a temprana edad, tenemos estad\u00edsticas que entre los 4 y 11 a\u00f1os hay un 27,8% de ni\u00f1os que presentan alg\u00fan trastorno, lo que genera una alta carga para el Estado y, adem\u00e1s, se pierden a\u00f1os de vida en un promedio de 23,2% por discapacidad o por muerte a temprana edad por trastornos neuro psiqui\u00e1tricos. Sumado a eso, somos el segundo pa\u00eds de la OCDE que ha aumentado su tasa de suicidio y estamos despu\u00e9s de Corea del Sur\u00bb.<\/p>\n\n\n\n<p>\u00abLa depresi\u00f3n y trastornos mentales comunes advierten ya en el 2017, que m\u00e1s de un mill\u00f3n de chilenos sufre ansiedad, 850.000 chilenos padece depresi\u00f3n, y hay antecedentes que el 80% de los chilenos tiene alguna enfermedad psiqui\u00e1trica que no est\u00e1 siendo diagnosticada ni tratada, y vemos que el costo de atenci\u00f3n para salud mental, de psiquiatra o psic\u00f3logos bordea los 60 mil pesos por sesi\u00f3n. Si se pudiese tratar y pesquisar a tiempo estos trastornos de salud mental ya sea en la infancia o adolescencia, tendr\u00edamos un alto ahorro en temas de productividad, sociales, en bajar los \u00edndices de delincuencia\u00bb, agreg\u00f3 Marta Gonz\u00e1lez.<\/p>\n\n\n\n<p>En tanto, la diputada PPD, Carolina Marz\u00e1n, manifest\u00f3 que \u201cqueremos que el gobierno recoja el guante y se haga parte de esta solicitud, porque el Covid y la pandemia vinieron a cambiar radicalmente nuestro comportamiento. Seg\u00fan estad\u00edsticas hay casi un 25% de los chilenos y chilenas que dice que su estado de \u00e1nimo cambia, sienten que hay un deterioro en su salud mental, y casi un 46% dice que definitivamente su estado de \u00e1nimo es mucho peor que el de antes de la pandemia. Adem\u00e1s, es necesario entender que un gran n\u00famero de personas mayores tienen no solo un deterioro grave en su salud mental, sino que tambi\u00e9n no est\u00e1n siendo atendidas por el Estado como corresponde\u201d.<\/p>\n\n\n\n<p>Asimismo, el diputado humanista y m\u00e9dico, Hern\u00e1n Palma, dijo que \u201cel nivel de consumo de psicotr\u00f3picos es alarmante. Una de cada tres personas en las grandes urbes necesita alg\u00fan psicotr\u00f3pico para poder dormir, sostener el \u00e1nimo, o poder combatir alguna crisis de p\u00e1nico. Tenemos una sociedad qu\u00edmica, donde el estado de \u00e1nimo es virtual, imaginario porque es a punta de medicamentos\u201d.<\/p>\n\n\n\n<p>Finalmente, la Presidenta de la Comisi\u00f3n de Mujeres y Equidad de G\u00e9nero, Carolina Tello (PC), manifest\u00f3 que \u00abnos hacemos parte de esta Bancada por la Salud Mental, para otorgarle una perspectiva de g\u00e9nero a estas pol\u00edticas p\u00fablicas que se requieren en torno a las problem\u00e1ticas de salud mental. Hemos visto casos dram\u00e1ticos de mujeres que han sufrido depresiones pre y post parto, y que muchas veces no son atendidas, llegando incluso al suicidio o a tener conflictos con la crianza y formaci\u00f3n de su familia. Por eso,&nbsp; es fundamental que se haga este acompa\u00f1amiento con esta perspectiva\u201d.<\/p>\n","protected":false},"excerpt":{"rendered":"<p>A trav\u00e9s de un Proyecto de Resoluci\u00f3n, un grupo transversal de diputadas y diputados, encabezado por Marta Gonz\u00e1lez (Independiente- PPD), solicit\u00f3 al Presidente de la Rep\u00fablica, Gabriel Boric,&nbsp;disponer el env\u00edo de un proyecto de ley cuyo objetivo sea la creaci\u00f3n de la Subsecretar\u00eda de Salud Mental. \u00abEstamos ac\u00e1 por un tema que nos une y&#8230;<a class=\"btnReadMore\" href=\"https:\/\/www.semanariolocal.cl\/?p=8920\"> Leer M\u00e1s<\/a><\/p>\n","protected":false},"author":1,"featured_media":8921,"comment_status":"closed","ping_status":"closed","sticky":false,"template":"","format":"standard","meta":{"footnotes":""},"categories":[3],"tags":[],"class_list":["post-8920","post","type-post","status-publish","format-standard","has-post-thumbnail","hentry","category-al-dia"],"_links":{"self":[{"href":"https:\/\/www.semanariolocal.cl\/index.php?rest_route=\/wp\/v2\/posts\/8920","targetHints":{"allow":["GET"]}}],"collection":[{"href":"https:\/\/www.semanariolocal.cl\/index.php?rest_route=\/wp\/v2\/posts"}],"about":[{"href":"https:\/\/www.semanariolocal.cl\/index.php?rest_route=\/wp\/v2\/types\/post"}],"author":[{"embeddable":true,"href":"https:\/\/www.semanariolocal.cl\/index.php?rest_route=\/wp\/v2\/users\/1"}],"replies":[{"embeddable":true,"href":"https:\/\/www.semanariolocal.cl\/index.php?rest_route=%2Fwp%2Fv2%2Fcomments&post=8920"}],"version-history":[{"count":1,"href":"https:\/\/www.semanariolocal.cl\/index.php?rest_route=\/wp\/v2\/posts\/8920\/revisions"}],"predecessor-version":[{"id":8922,"href":"https:\/\/www.semanariolocal.cl\/index.php?rest_route=\/wp\/v2\/posts\/8920\/revisions\/8922"}],"wp:featuredmedia":[{"embeddable":true,"href":"https:\/\/www.semanariolocal.cl\/index.php?rest_route=\/wp\/v2\/media\/8921"}],"wp:attachment":[{"href":"https:\/\/www.semanariolocal.cl\/index.php?rest_route=%2Fwp%2Fv2%2Fmedia&parent=8920"}],"wp:term":[{"taxonomy":"category","embeddable":true,"href":"https:\/\/www.semanariolocal.cl\/index.php?rest_route=%2Fwp%2Fv2%2Fcategories&post=8920"},{"taxonomy":"post_tag","embeddable":true,"href":"https:\/\/www.semanariolocal.cl\/index.php?rest_route=%2Fwp%2Fv2%2Ftags&post=8920"}],"curies":[{"name":"wp","href":"https:\/\/api.w.org\/{rel}","templated":true}]}}