{"id":892,"date":"2021-07-14T11:11:00","date_gmt":"2021-07-14T15:11:00","guid":{"rendered":"https:\/\/www.semanariolocal.cl\/?p=892"},"modified":"2021-07-14T23:13:57","modified_gmt":"2021-07-15T03:13:57","slug":"cooprinsem-se-hace-presente-en-la-primera-edicion-virtual-de-sago-fisur","status":"publish","type":"post","link":"https:\/\/www.semanariolocal.cl\/?p=892","title":{"rendered":"Cooprinsem se hace presente en la primera edici\u00f3n virtual de Sago Fisur"},"content":{"rendered":"\n<p style=\"font-size:17px\">Este a\u00f1o y resguardando todas las medidas sanitarias acordes a la pandemia de Covid 19, la cual ha obligado a la suspensi\u00f3n de variados eventos masivos, Cooprinsem ser\u00e1 parte de una nueva Sago Fisur. Tradicional evento que, por primera vez, est\u00e1 desarrollando una edici\u00f3n digital, la cual comenz\u00f3 este pasado 8 de julio y se extender\u00e1 hasta el pr\u00f3ximo 6 de agosto. Esta nueva versi\u00f3n de la feria agr\u00edcola y ganadera m\u00e1s antigua e importante del pa\u00eds, contar\u00e1 con exposici\u00f3n de maquinaria y servicios&nbsp; para el agro, y una serie de seminarios t\u00e9cnicos de primer nivel.<\/p>\n\n\n\n<p style=\"font-size:17px\">Es as\u00ed como la Cooperativa de los Agricultores, siguiendo esta transformaci\u00f3n digital y estando a la vanguardia de las nuevas tecnolog\u00edas, se ha hecho presente en esta novedosa instancia con un stand online, el cual presentar\u00e1 variadas alternativas para quienes lo visiten. Dentro de los productos y servicios que estar\u00e1 ofreciendo, se encuentran vinculados los laboratorios de an\u00e1lisis de suelo y de forraje, Cooprinsem online, la venta de maquinaria agr\u00edcola, orde\u00f1a mec\u00e1nica y riego, adem\u00e1s de&nbsp; reproducci\u00f3n e inseminaci\u00f3n artificial.<\/p>\n\n\n\n<p style=\"font-size:17px\">Luis Rosales, Director de Marketing de Cooprinsem, sostuvo que la agricultura a trav\u00e9s de los a\u00f1os ha demostrado ser un pilar fundamental para la econom\u00eda regional y nacional, es por eso que como Cooperativa han querido estar presentes en esta instancia, para destacar el valor del sector. \u00abComo Cooprinsem llevamos a\u00f1os participando de esta importante jornada agraria y no quer\u00edamos dejar pasar la oportunidad de hacernos presente en esta primera Fisur digital. Creemos que es fundamental apoyar al gremio en estas instancias y colaborar con el crecimiento del mundo agr\u00edcola. Adem\u00e1s, esta feria nos permite dar a conocer nuestros variados servicios a la comunidad\u201d.<\/p>\n\n\n\n<p style=\"font-size:17px\">Para quienes deseen visitar el stand online de Cooprinsem, pueden ingresar a&nbsp;<a href=\"https:\/\/virtual.sagofisur.cl\/stand\/coorprinsem\" target=\"_blank\" rel=\"noreferrer noopener\">https:\/\/virtual.sagofisur.cl\/stand\/coorprinsem<\/a>.<\/p>\n","protected":false},"excerpt":{"rendered":"<p>Este a\u00f1o y resguardando todas las medidas sanitarias acordes a la pandemia de Covid 19, la cual ha obligado a la suspensi\u00f3n de variados eventos masivos, Cooprinsem ser\u00e1 parte de una nueva Sago Fisur. Tradicional evento que, por primera vez, est\u00e1 desarrollando una edici\u00f3n digital, la cual comenz\u00f3 este pasado 8 de julio y se&#8230;<a class=\"btnReadMore\" href=\"https:\/\/www.semanariolocal.cl\/?p=892\"> Leer M\u00e1s<\/a><\/p>\n","protected":false},"author":1,"featured_media":893,"comment_status":"closed","ping_status":"closed","sticky":false,"template":"","format":"standard","meta":{"footnotes":""},"categories":[12],"tags":[],"class_list":["post-892","post","type-post","status-publish","format-standard","has-post-thumbnail","hentry","category-economia"],"_links":{"self":[{"href":"https:\/\/www.semanariolocal.cl\/index.php?rest_route=\/wp\/v2\/posts\/892","targetHints":{"allow":["GET"]}}],"collection":[{"href":"https:\/\/www.semanariolocal.cl\/index.php?rest_route=\/wp\/v2\/posts"}],"about":[{"href":"https:\/\/www.semanariolocal.cl\/index.php?rest_route=\/wp\/v2\/types\/post"}],"author":[{"embeddable":true,"href":"https:\/\/www.semanariolocal.cl\/index.php?rest_route=\/wp\/v2\/users\/1"}],"replies":[{"embeddable":true,"href":"https:\/\/www.semanariolocal.cl\/index.php?rest_route=%2Fwp%2Fv2%2Fcomments&post=892"}],"version-history":[{"count":1,"href":"https:\/\/www.semanariolocal.cl\/index.php?rest_route=\/wp\/v2\/posts\/892\/revisions"}],"predecessor-version":[{"id":894,"href":"https:\/\/www.semanariolocal.cl\/index.php?rest_route=\/wp\/v2\/posts\/892\/revisions\/894"}],"wp:featuredmedia":[{"embeddable":true,"href":"https:\/\/www.semanariolocal.cl\/index.php?rest_route=\/wp\/v2\/media\/893"}],"wp:attachment":[{"href":"https:\/\/www.semanariolocal.cl\/index.php?rest_route=%2Fwp%2Fv2%2Fmedia&parent=892"}],"wp:term":[{"taxonomy":"category","embeddable":true,"href":"https:\/\/www.semanariolocal.cl\/index.php?rest_route=%2Fwp%2Fv2%2Fcategories&post=892"},{"taxonomy":"post_tag","embeddable":true,"href":"https:\/\/www.semanariolocal.cl\/index.php?rest_route=%2Fwp%2Fv2%2Ftags&post=892"}],"curies":[{"name":"wp","href":"https:\/\/api.w.org\/{rel}","templated":true}]}}