{"id":8917,"date":"2022-10-25T21:28:04","date_gmt":"2022-10-26T00:28:04","guid":{"rendered":"https:\/\/www.semanariolocal.cl\/?p=8917"},"modified":"2022-10-25T21:28:05","modified_gmt":"2022-10-26T00:28:05","slug":"mas-de-1000-profesionales-ya-postularon-a-servicio-pais-ultima-semana-de-postulaciones","status":"publish","type":"post","link":"https:\/\/www.semanariolocal.cl\/?p=8917","title":{"rendered":"M\u00e1s de 1000 profesionales ya postularon a SERVICIO PA\u00cdS \u00a1\u00daltima semana de postulaciones!"},"content":{"rendered":"\n<p>Solo queda una semana para postular al programa SERVICIO PA\u00cdS y m\u00e1s de 1000 j\u00f3venes profesionales valientes ya se atrevieron a formar parte del proceso. Si a\u00fan no has completado tu postulaci\u00f3n, el portal <a href=\"about:blank\">www.serviciopais.cl<\/a> seguir\u00e1 habilitado hasta el 31 de octubre. Buscamos que el \u201cllamado para valientes\u201d, llegue a todos los lugares y nos permita convocar a aquellos profesionales que est\u00e9n comprometidos, cuentan con gran vocaci\u00f3n social y tienen ganas de ser parte de la experiencia profesional que cambiar\u00e1 sus vidas y las de cientos de comunidades.<\/p>\n\n\n\n<p>Hoy m\u00e1s que nunca, considerando el aumento en los \u00edndices de pobreza, que afectan a muchas familias y comunidades aisladas de nuestro pa\u00eds, necesitamos a profesionales de todas las \u00e1reas: arquitectos, abogados, ge\u00f3grafos, veterinarios, gestores culturales, dise\u00f1adores, profesionales del turismo e ingenieros civiles, comerciales, ambientales, en construcci\u00f3n y en recursos naturales, entre muchas carreras m\u00e1s.<\/p>\n\n\n\n<p>El programa de la Fundaci\u00f3n Superaci\u00f3n de la Pobreza cumple 27 a\u00f1os destinando a profesionales j\u00f3venes que quieran aportar con sus conocimientos al desarrollo de comunas rurales con altos \u00edndices de pobreza, vulnerabilidad y aislamiento en Chile, donde el uso de la creatividad y las inquietudes, se vuelven fundamentales para el fortalecimiento de agrupaciones, comunidades y personas de diversos territorios.<\/p>\n\n\n\n<p><strong>\u00daltima semana para responder al \u201cllamado para valientes\u201d<\/strong><\/p>\n\n\n\n<p>Durante el a\u00f1o 2021, los profesionales <strong>SERVICIO PA\u00cdS<\/strong> consiguieron levantar m\u00e1s de 8 mil millones de pesos en proyectos adjudicados por 661 agrupaciones funcionales, de las 16 regiones del pa\u00eds y pertenecientes a diferentes \u00e1mbitos, como el fomento productivo, vivienda, medioambiente y cultura, entre otras. Lo anterior, gracias a la vinculaci\u00f3n con las m\u00e1s de 16 mil personas que confiaron en el coraje de los profesionales, para desarrollar m\u00e1s de 570 proyectos e iniciativas en las 100 comunas que fueron destinados a vivir por doce meses.<\/p>\n\n\n\n<p>Tras un a\u00f1o marcado por el aumento de la pobreza por ingresos y el alza en el costo de la vida, resulta urgente activar el comercio local y acercar las oportunidades a los sectores rurales donde la pobreza golpea con mayor fuerza. Se deben considerar adem\u00e1s, otros factores, como la falta de conectividad, de servicios b\u00e1sicos y el aislamiento, que agudizan la situaci\u00f3n actual.<\/p>\n\n\n\n<p><strong>SERVICIO PA\u00cdS <\/strong>descentraliza el capital profesional, pues un 43% de los j\u00f3venes que son parte de este proceso decide quedarse a vivir y trabajar en los diversos territorios donde fueron destinados. El coraz\u00f3n del programa est\u00e1 en el v\u00ednculo con las comunidades, sus necesidades de desarrollo y sus propias soluciones a los problemas de pobreza.<\/p>\n\n\n\n<p>En la regi\u00f3n de Los Lagos durante los \u00faltimos 27 a\u00f1os el programa SERVICIO PA\u00cdS ha tenido presencia en 28 de las 30 comunas que la componen. Actualmente son 22 los profesionales que est\u00e1n desplegados en 11 intervenciones en cada una las 4 provincias, desde San Juan de la Costa hasta Palena, la comuna m\u00e1s austral del territorio.<\/p>\n\n\n\n<p>Claudia Mu\u00f1oz, directora de la Fundaci\u00f3n Superaci\u00f3n de la Pobreza de la regi\u00f3n de Los Lagos, se\u00f1al\u00f3 que \u201cbuscamos profesionales valientes que tengan las ganas de vivir y aportar en conjunto con las comunidades, para reconocer las potencialidades del territorio y aportar al desarrollo local, con la mirada puesta en los sue\u00f1os de las personas, protegiendo sus modos de vida y las formas de relacionarse con su entorno. Es lo que necesitamos, m\u00e1s a\u00fan en estos \u00faltimos periodos de inestabilidad econ\u00f3mica, que dificultan el desarrollo de tantas familias en la zona\u201d, coment\u00f3.&nbsp;<\/p>\n\n\n\n<p>\u00a1No lo olvides! Solo hasta el 31 de octubre podr\u00e1s postular al programa de la Fundaci\u00f3n Superaci\u00f3n de la Pobreza.&nbsp; Ingresa ahora a<a href=\"about:blank\"> <\/a><a href=\"about:blank\">www.serviciopais.cl<\/a><\/p>\n\n\n\n<p><strong>Cifras clave:<\/strong><\/p>\n\n\n\n<p>\u25cf SERVICIO PA\u00cdS cuenta con 250 profesionales SERVICIO PA\u00cdS viviendo y trabajando en 101 comunas de Chile.<\/p>\n\n\n\n<p>\u25cf En el a\u00f1o 2021 se levantaron $8.805.045.509 en proyectos e iniciativas en directo apoyo a las comunidades.<\/p>\n\n\n\n<p>\u25cf 6.097 profesionales han trabajado en el programa en los \u00faltimos 27 a\u00f1os.<\/p>\n\n\n\n<p>\u25cf Durante la \u00faltima d\u00e9cada ha postulado un promedio de 3.278 profesionales al a\u00f1o.&nbsp;<\/p>\n\n\n\n<p>\u25cf En el programa SERVICIO PA\u00cdS anualmente participan alrededor 15.685 personas, 619 organizaciones y se implementan 294 iniciativas.&nbsp;<\/p>\n\n\n\n<p>\u25cf Entre los tipos de actividades realizadas durante el a\u00f1o 2022, est\u00e1n principalmente el conjunto de asesor\u00edas y asistencia t\u00e9cnica en los territorios (24,32%), el desarrollo de proyectos o iniciativas (22,67%), la atenci\u00f3n de p\u00fablico y visitas domiciliarias (15,36%). Dentro de los proyectos e iniciativas implementadas, los principales objetivos perseguidos son \u201cReducci\u00f3n de las desigualdades\u00bb (18%), \u00abCiudades y comunidades sostenibles\u00bb (13%) y \u201cEducaci\u00f3n de calidad\u00bb (10%).<\/p>\n\n\n\n<p>\u25cf El 43% de los profesionales permanecen en la regi\u00f3n donde fueron destinados por el programa y un 14% permanece en la misma comuna. Por lo tanto, SERVICIO PA\u00cdS es un aporte a la descentralizaci\u00f3n profesional.<\/p>\n\n\n\n<p><strong><u>Requisitos Postulaci\u00f3n<\/u><\/strong><\/p>\n\n\n\n<ul class=\"wp-block-list\"><li>Poseer T\u00edtulo Profesional y adjuntarlo digitalizado al momento de postular.<\/li><li>Carrera de m\u00ednimo 8 semestres de duraci\u00f3n.<\/li><li>Conocimiento y experticia propia de tu \u00e1rea profesional.<\/li><li>Disponibilidad para residir en la comuna de intervenci\u00f3n durante el per\u00edodo de la intervenci\u00f3n (1 a\u00f1o).<\/li><li>No estar en el registro de Inhabilidades para trabajar con menores de edad.<\/li><li>Deseable contar con esquema de vacunaci\u00f3n completo.<\/li><li>Disponibilidad para realizar una Entrevista de Evaluaci\u00f3n Grupal y Evaluaci\u00f3n Individual de manera virtual.<\/li><li>Adjuntar certificado de nacimiento al momento de ingresar tu postulaci\u00f3n.<\/li><li>Adicionales en caso de Profesionales Extranjeros\/as:<\/li><li>Visa de permanencia definitiva en Chile.<\/li><li>T\u00edtulo profesional validado o en su defecto apostillado para ejercer en Chile<\/li><\/ul>\n\n\n\n<p class=\"has-small-font-size\"><strong>* Considera que necesitar\u00e1s una conexi\u00f3n estable a internet para realizar las entrevistas virtuales.<\/strong><\/p>\n","protected":false},"excerpt":{"rendered":"<p>Solo queda una semana para postular al programa SERVICIO PA\u00cdS y m\u00e1s de 1000 j\u00f3venes profesionales valientes ya se atrevieron a formar parte del proceso. Si a\u00fan no has completado tu postulaci\u00f3n, el portal www.serviciopais.cl seguir\u00e1 habilitado hasta el 31 de octubre. Buscamos que el \u201cllamado para valientes\u201d, llegue a todos los lugares y nos&#8230;<a class=\"btnReadMore\" href=\"https:\/\/www.semanariolocal.cl\/?p=8917\"> Leer M\u00e1s<\/a><\/p>\n","protected":false},"author":1,"featured_media":8918,"comment_status":"closed","ping_status":"closed","sticky":false,"template":"","format":"standard","meta":{"footnotes":""},"categories":[3],"tags":[],"class_list":["post-8917","post","type-post","status-publish","format-standard","has-post-thumbnail","hentry","category-al-dia"],"_links":{"self":[{"href":"https:\/\/www.semanariolocal.cl\/index.php?rest_route=\/wp\/v2\/posts\/8917","targetHints":{"allow":["GET"]}}],"collection":[{"href":"https:\/\/www.semanariolocal.cl\/index.php?rest_route=\/wp\/v2\/posts"}],"about":[{"href":"https:\/\/www.semanariolocal.cl\/index.php?rest_route=\/wp\/v2\/types\/post"}],"author":[{"embeddable":true,"href":"https:\/\/www.semanariolocal.cl\/index.php?rest_route=\/wp\/v2\/users\/1"}],"replies":[{"embeddable":true,"href":"https:\/\/www.semanariolocal.cl\/index.php?rest_route=%2Fwp%2Fv2%2Fcomments&post=8917"}],"version-history":[{"count":1,"href":"https:\/\/www.semanariolocal.cl\/index.php?rest_route=\/wp\/v2\/posts\/8917\/revisions"}],"predecessor-version":[{"id":8919,"href":"https:\/\/www.semanariolocal.cl\/index.php?rest_route=\/wp\/v2\/posts\/8917\/revisions\/8919"}],"wp:featuredmedia":[{"embeddable":true,"href":"https:\/\/www.semanariolocal.cl\/index.php?rest_route=\/wp\/v2\/media\/8918"}],"wp:attachment":[{"href":"https:\/\/www.semanariolocal.cl\/index.php?rest_route=%2Fwp%2Fv2%2Fmedia&parent=8917"}],"wp:term":[{"taxonomy":"category","embeddable":true,"href":"https:\/\/www.semanariolocal.cl\/index.php?rest_route=%2Fwp%2Fv2%2Fcategories&post=8917"},{"taxonomy":"post_tag","embeddable":true,"href":"https:\/\/www.semanariolocal.cl\/index.php?rest_route=%2Fwp%2Fv2%2Ftags&post=8917"}],"curies":[{"name":"wp","href":"https:\/\/api.w.org\/{rel}","templated":true}]}}