{"id":8914,"date":"2022-10-25T21:21:52","date_gmt":"2022-10-26T00:21:52","guid":{"rendered":"https:\/\/www.semanariolocal.cl\/?p=8914"},"modified":"2022-10-25T21:21:53","modified_gmt":"2022-10-26T00:21:53","slug":"servicio-de-salud-osorno-acerca-la-atencion-de-especialidad-a-los-territorios","status":"publish","type":"post","link":"https:\/\/www.semanariolocal.cl\/?p=8914","title":{"rendered":"Servicio de Salud Osorno acerca la atenci\u00f3n de especialidad a los territorios"},"content":{"rendered":"\n<p>Con el objetivo de acercar la atenci\u00f3n de especialidad a los territorios, el Servicio de Salud Osorno (SSO), a trav\u00e9s de su Departamento Articulaci\u00f3n de la Red Asistencial (dependiente de la Subdirecci\u00f3n de Gesti\u00f3n Asistencial), ha desarrollado durante el presente a\u00f1o diversas estrategias para brindar atenci\u00f3n de especialidad a la comunidad, enfocadas especialmente en la resoluci\u00f3n de la lista de espera de consulta m\u00e9dica m\u00e1s antigua.<\/p>\n\n\n\n<p>En trabajo conjunto entre el Hospital Base San Jos\u00e9 de Osorno (HBSJO), Centro&nbsp;de Referencia y Diagn\u00f3stico M\u00e9dico (CRD)&nbsp;del Departamento de Salud Municipal de Osorno y la Direcci\u00f3n del SSO; se han realizado atenciones en las especialidades de neurolog\u00eda y cardiolog\u00eda en dichas dependencias, con el fin de descongestionar los policl\u00ednicos del HBSJO y brindar atenci\u00f3n a residentes de la comuna en estas instalaciones.<\/p>\n\n\n\n<p>A la fecha, se han atendido 152 pacientes en cardiolog\u00eda y 94 pacientes en la especialidad de neurolog\u00eda. Por otra parte, el pasado viernes 14 de octubre se realiz\u00f3 atenci\u00f3n de traumatolog\u00eda infantil en dependencias del Hospital de Puerto Octay, por la traumat\u00f3loga Dra. Claudia Lagos, quien se desplaz\u00f3 a dicha comuna y entreg\u00f3 atenci\u00f3n -tanto de consultas nuevas y controles- a doce pacientes residentes de Octay de lista de espera.<\/p>\n\n\n\n<p>Esta iniciativa fue muy bien recibida por parte de autoridades del hospital octayino y por los propios usuarios(as), quienes evitaron as\u00ed desplazarse a la ciudad de Osorno para resolver su atenci\u00f3n. La coordinaci\u00f3n de estas actividades est\u00e1 a cargo de la encargada de Atenci\u00f3n Ambulatoria del Subdepartamento de Procesos Asistenciales Integrados &nbsp;(Depto. Articulaci\u00f3n de la Red Asistencial), enfermera Carolina Vidal J.<\/p>\n\n\n\n<p>Para el mes de noviembre, en tanto, se tiene programada una jornada de atenci\u00f3n similar en la comuna de Purranque, para pacientes residentes de esa comuna que est\u00e9n en lista de espera de traumatolog\u00eda infantil. &nbsp;&nbsp;<\/p>\n\n\n\n<p>Al respecto, la Jefa del Departamento Articulaci\u00f3n de la Red Asistencial del SSO, Denisse Villalobos Castillo, comenta que \u201cesta es una estrategia que nuestro Servicio de Salud ha impulsado desde el a\u00f1o 2015, iniciada a trav\u00e9s de Equipos M\u00f3viles de Especialidad.&nbsp; Se est\u00e1 retomando, as\u00ed como todas las otras acciones, y esperamos se desarrolle como una actividad planificada y permanente en nuestra red de salud. Dentro de sus beneficios, destaca que evita el traslado de pacientes y gasto de bolsillo, adem\u00e1s permite interacci\u00f3n con los equipos locales y permite resolver lista de espera focalizada, aumentando as\u00ed la satisfacci\u00f3n usuaria\u201d.<\/p>\n","protected":false},"excerpt":{"rendered":"<p>Estrategias se enfocan especialmente en resoluci\u00f3n de lista de espera a nivel provincial.<\/p>\n","protected":false},"author":1,"featured_media":8915,"comment_status":"closed","ping_status":"closed","sticky":false,"template":"","format":"standard","meta":{"footnotes":""},"categories":[3],"tags":[],"class_list":["post-8914","post","type-post","status-publish","format-standard","has-post-thumbnail","hentry","category-al-dia"],"_links":{"self":[{"href":"https:\/\/www.semanariolocal.cl\/index.php?rest_route=\/wp\/v2\/posts\/8914","targetHints":{"allow":["GET"]}}],"collection":[{"href":"https:\/\/www.semanariolocal.cl\/index.php?rest_route=\/wp\/v2\/posts"}],"about":[{"href":"https:\/\/www.semanariolocal.cl\/index.php?rest_route=\/wp\/v2\/types\/post"}],"author":[{"embeddable":true,"href":"https:\/\/www.semanariolocal.cl\/index.php?rest_route=\/wp\/v2\/users\/1"}],"replies":[{"embeddable":true,"href":"https:\/\/www.semanariolocal.cl\/index.php?rest_route=%2Fwp%2Fv2%2Fcomments&post=8914"}],"version-history":[{"count":1,"href":"https:\/\/www.semanariolocal.cl\/index.php?rest_route=\/wp\/v2\/posts\/8914\/revisions"}],"predecessor-version":[{"id":8916,"href":"https:\/\/www.semanariolocal.cl\/index.php?rest_route=\/wp\/v2\/posts\/8914\/revisions\/8916"}],"wp:featuredmedia":[{"embeddable":true,"href":"https:\/\/www.semanariolocal.cl\/index.php?rest_route=\/wp\/v2\/media\/8915"}],"wp:attachment":[{"href":"https:\/\/www.semanariolocal.cl\/index.php?rest_route=%2Fwp%2Fv2%2Fmedia&parent=8914"}],"wp:term":[{"taxonomy":"category","embeddable":true,"href":"https:\/\/www.semanariolocal.cl\/index.php?rest_route=%2Fwp%2Fv2%2Fcategories&post=8914"},{"taxonomy":"post_tag","embeddable":true,"href":"https:\/\/www.semanariolocal.cl\/index.php?rest_route=%2Fwp%2Fv2%2Ftags&post=8914"}],"curies":[{"name":"wp","href":"https:\/\/api.w.org\/{rel}","templated":true}]}}