{"id":8911,"date":"2022-10-25T21:20:04","date_gmt":"2022-10-26T00:20:04","guid":{"rendered":"https:\/\/www.semanariolocal.cl\/?p=8911"},"modified":"2022-10-25T21:20:08","modified_gmt":"2022-10-26T00:20:08","slug":"minvu-presenta-el-catastro-nacional-de-campamentos-2022","status":"publish","type":"post","link":"https:\/\/www.semanariolocal.cl\/?p=8911","title":{"rendered":"Minvu presenta el Catastro Nacional de Campamentos 2022"},"content":{"rendered":"\n<p>El Ministerio de Vivienda y Urbanismo junto al Banco Interamericano de Desarrollo presentaron este mediod\u00eda las cifras oficiales del \u201cCatastro Nacional de Campamentos 2022\u201d, trabajo desarrollado por el Programa de Asentamientos Precarios del Minvu, y que cont\u00f3 con el apoyo del Programa de Naciones Unidades para el Desarrollo (PNUD). Esta actividad estuvo encabezada por el ministro Carlos Montes y la gerenta de Pa\u00edses del Cono Sur y representante en Chile del Banco Interamericano de Desarrollo, Florencia Attademo-Hirt.<strong><\/strong><\/p>\n\n\n\n<p>De acuerdo con el catastro, el total actualizado de los campamentos a nivel nacional es de 1.091, los que albergan a 71.961 hogares. Adem\u00e1s, se identificaron 355 nuevos campamentos respecto de 2019 y 29.112 nuevos hogares.<\/p>\n\n\n\n<p>El 50% de los campamentos a nivel nacional se encuentran en las regiones de Valpara\u00edso (255), Metropolitana (142) y Biob\u00edo (156). A su vez, las regiones que concentran el 75% de los hogares de campamentos se encuentran en la regi\u00f3n de Valpara\u00edso (18.405), seguida por la Metropolitana (13.392) y luego, Tarapac\u00e1 (9.300). En cuanto a la aparici\u00f3n de nuevos asentamientos, Valpara\u00edso lidera la lista con 71 nuevos campamentos.<\/p>\n\n\n\n<p>Adem\u00e1s, seg\u00fan las cifras del estudio, el 36% de los habitantes de campamentos pertenecen a poblaciones migrantes, de las cuales el 83% de ellas vive en las regiones de Tarapac\u00e1, Antofagasta y Metropolitana. Esta \u00faltima es la posee mayor cantidad de poblaci\u00f3n migrante con un 31%.<\/p>\n\n\n\n<p>Dentro del proceso censal se les consult\u00f3 a las familias que habitan en campamentos sobre los motivos que los llevaron a vivir ah\u00ed. El 55% declar\u00f3 que lo hizo por bajos ingresos y el 47% por el alto costo de los arriendos.<\/p>\n\n\n\n<p>Sobre los resultados, el ministro de Vivienda y Urbanismo, Carlos Montes, coment\u00f3 que \u201ceste catastro tiene por objetivo saber m\u00e1s sobre la realidad que viven los campamentos del pa\u00eds, para as\u00ed poder actuar mejor. Nos permite tener un an\u00e1lisis mucho m\u00e1s preciso a lo largo del territorio, con las caracter\u00edsticas de cada campamento y de cada familia que habita en ellos. Estamos publicando este estudio porque, adem\u00e1s de actuar mejor y poder tener mejores pol\u00edticas p\u00fablicas, necesitamos que tambi\u00e9n haya m\u00e1s conciencia en el pa\u00eds sobre lo que estamos viviendo y hacernos responsables como pol\u00edticos, como funcionarios p\u00fablicos y como sociedad civil\u201d.<\/p>\n\n\n\n<p>\u201cAqu\u00ed lo que se requiere es que todo el Estado en conjunto con toda la sociedad, asumamos con mayor conciencia que esto no es aceptable en la democracia y es algo que requiere transformaciones, las cuales no se hacen de un d\u00eda para otro, pero que tenemos que empezar a trabajar sistem\u00e1ticamente entre todos y todas. De esta forma ayudamos a que la vida democr\u00e1tica adquiera mayor densidad a lo largo del territorio\u201d, a\u00f1adi\u00f3 el titular del Minvu.<\/p>\n\n\n\n<p>El Catastro Nacional de Campamento es un instrumento censal georreferenciado que entrega una fotograf\u00eda del momento en que se realiza la muestra, y son datos din\u00e1micos, es decir, que var\u00edan con mucha facilidad. En esta l\u00ednea, las acciones que destacaron durante el proceso de desarrollo metodol\u00f3gico fueron, en primer lugar, que es una encuesta en l\u00ednea con validaci\u00f3n de datos en terreno, para lo que se obtuvo una imagen de cada vivienda encuestada, y se llev\u00f3 a cabo un cuestionario de hogares, el que entrega mayor profundidad de la informaci\u00f3n catastrada. Adem\u00e1s, la muestra se realiz\u00f3 con el 80% de cobertura a viviendas ocupadas con moradores presentes y durante el desarrollo de la obtenci\u00f3n de datos se visit\u00f3 en, al menos, tres oportunidades cada campamento.<\/p>\n\n\n\n<p>Cabe destacar que, en las ediciones anteriores que se utiliz\u00f3 el instrumento oficial del Minvu, se hab\u00edan identificado 657 asentamientos el 2011, y 802 territorios el 2019.&nbsp; En cuanto al trabajo realizado por el Programa Asentamiento Precarios en estos mismos a\u00f1os, se muestra que, se han cerrado 380 campamentos desde el 2011. Asimismo, el Catastro 2022 identifica 399 campamentos que se ubican en zona de riesgo, es decir, el 37% de los campamentos est\u00e1n en \u00e1reas de inundaci\u00f3n, remoci\u00f3n de masas, tsunami y otros.<\/p>\n\n\n\n<p>Florencia Attademo-Hirt, gerenta general Pa\u00edses del Cono Sur y representante en Chile, destac\u00f3 que \u201cpara el Grupo BID es un desaf\u00edo y una oportunidad acompa\u00f1ar al ministerio en el&nbsp;<strong>fortalecimiento de su agenda de vivienda<\/strong>&nbsp;para enfrentar uno de los temas m\u00e1s importantes del pa\u00eds en t\u00e9rminos de&nbsp;<strong>d\u00e9ficit habitacional<\/strong>. Estos datos son de suma importancia ya que nos permiten detectar acciones concretas para integrar socialmente estos segmentos de la poblaci\u00f3n, reducir las brechas de g\u00e9nero, atender a la primera infancia y generar acciones para la inserci\u00f3n laboral para las mujeres, entre otros\u201d.<\/p>\n\n\n\n<p>Con estos resultados, el Minvu destac\u00f3 el trabajo que ha venido desarrollando el Programa de Asentamiento Precarios para dar respuesta a todas las familias que hoy viven en estas condiciones. Adem\u00e1s, se destaca el aporte financiero realizado por el Banco Interamericano de Desarrollo y el PNUD, que permiti\u00f3 elaborar este catastro.<\/p>\n\n\n\n<p>En cuanto al trabajo a realizar en el \u00e1mbito de campamentos en los pr\u00f3ximos meses, el Minvu se enfocar\u00e1 en dos grandes l\u00edneas:&nbsp;<strong>Construyendo Barrios y Gesti\u00f3n Habitacional<\/strong>. La primera,&nbsp;<strong>es un plan de aceleraci\u00f3n urbana integral para campamentos<\/strong>, que fortalece la estrategia de radicaci\u00f3n, sea esta por v\u00eda urbanizaci\u00f3n o v\u00eda proyecto habitacional.&nbsp;<strong>Su objetivo es consolidar barrios y comunidades, mejorando las condiciones de vida para sus habitantes<\/strong>; reduciendo sus niveles de vulnerabilidad; acelerando los procesos de urbanizaci\u00f3n; el mejoramiento de sus viviendas y facilitando la convivencia e integraci\u00f3n de los habitantes y sus barrios.<\/p>\n\n\n\n<p>Por su parte, el plan de Gesti\u00f3n Habitacional&nbsp;busca el mejoramiento de las condiciones de habitabilidad de los campamentos y acelerar los procesos de acceso a la vivienda,&nbsp;<strong>priorizando los m\u00e1s rezagados en cuanto a antig\u00fcedad, riesgo y condiciones de estabilizaci\u00f3n, por medio de la relocalizaci\u00f3n y la creaci\u00f3n de proyectos habitacionales<\/strong>. Con ambas estructuras se pretende aportar al Plan de Emergencia Habitacional y entregar soluciones a las familias de campamento.<\/p>\n","protected":false},"excerpt":{"rendered":"<p>Actualmente se registran 1.091 campamentos a nivel nacional, que fueron medidos por los equipos del Programa de Asentamientos Precarios del Minvu, con el apoyo del Banco Interamericano de Desarrollo (BID). Las mediciones se realizaron considerando varios aspectos t\u00e9cnicos como involucramiento con servicios locales y contacto directo con las familias que viven en esta situaci\u00f3n.<\/p>\n","protected":false},"author":1,"featured_media":8912,"comment_status":"closed","ping_status":"closed","sticky":false,"template":"","format":"standard","meta":{"footnotes":""},"categories":[3],"tags":[],"class_list":["post-8911","post","type-post","status-publish","format-standard","has-post-thumbnail","hentry","category-al-dia"],"_links":{"self":[{"href":"https:\/\/www.semanariolocal.cl\/index.php?rest_route=\/wp\/v2\/posts\/8911","targetHints":{"allow":["GET"]}}],"collection":[{"href":"https:\/\/www.semanariolocal.cl\/index.php?rest_route=\/wp\/v2\/posts"}],"about":[{"href":"https:\/\/www.semanariolocal.cl\/index.php?rest_route=\/wp\/v2\/types\/post"}],"author":[{"embeddable":true,"href":"https:\/\/www.semanariolocal.cl\/index.php?rest_route=\/wp\/v2\/users\/1"}],"replies":[{"embeddable":true,"href":"https:\/\/www.semanariolocal.cl\/index.php?rest_route=%2Fwp%2Fv2%2Fcomments&post=8911"}],"version-history":[{"count":1,"href":"https:\/\/www.semanariolocal.cl\/index.php?rest_route=\/wp\/v2\/posts\/8911\/revisions"}],"predecessor-version":[{"id":8913,"href":"https:\/\/www.semanariolocal.cl\/index.php?rest_route=\/wp\/v2\/posts\/8911\/revisions\/8913"}],"wp:featuredmedia":[{"embeddable":true,"href":"https:\/\/www.semanariolocal.cl\/index.php?rest_route=\/wp\/v2\/media\/8912"}],"wp:attachment":[{"href":"https:\/\/www.semanariolocal.cl\/index.php?rest_route=%2Fwp%2Fv2%2Fmedia&parent=8911"}],"wp:term":[{"taxonomy":"category","embeddable":true,"href":"https:\/\/www.semanariolocal.cl\/index.php?rest_route=%2Fwp%2Fv2%2Fcategories&post=8911"},{"taxonomy":"post_tag","embeddable":true,"href":"https:\/\/www.semanariolocal.cl\/index.php?rest_route=%2Fwp%2Fv2%2Ftags&post=8911"}],"curies":[{"name":"wp","href":"https:\/\/api.w.org\/{rel}","templated":true}]}}