{"id":8908,"date":"2022-10-25T21:17:47","date_gmt":"2022-10-26T00:17:47","guid":{"rendered":"https:\/\/www.semanariolocal.cl\/?p=8908"},"modified":"2022-10-25T21:17:47","modified_gmt":"2022-10-26T00:17:47","slug":"diputada-nuyado-y-nuevo-rechazo-a-estado-excepcion-sigue-sin-solucion-tema-de-fondo","status":"publish","type":"post","link":"https:\/\/www.semanariolocal.cl\/?p=8908","title":{"rendered":"Diputada Nuyado y nuevo rechazo a Estado Excepci\u00f3n: \u00abSigue sin soluci\u00f3n tema de fondo\u00bb"},"content":{"rendered":"\n<p>La diputada Mapuche Emilia Nuyado volvi\u00f3 a rechazar una nueva pr\u00f3rroga&nbsp;del Estado de excepci\u00f3n para Wallmapu.<\/p>\n\n\n\n<p>La parlamentaria se\u00f1al\u00f3 que \u00abha quedado demostrado que el Estado de Excepci\u00f3n no sirve y no soluciona el tema de fondo. Se han votado diez renovaciones y las comunidades no ven se\u00f1ales claras respecto a la restituci\u00f3n de tierras\u00bb.<\/p>\n\n\n\n<p>\u00abExist\u00eda un compromiso de este nuevo gobierno de transformaciones sociales, sin embargo, hemos visto que se sigue manteniendo la misma l\u00f3gica. Hoy cuando esper\u00e1bamos m\u00e1s recursos para apoyar a las comunidades nos encontramos con que se ha disminuido el presupuesto para la CONADI en materia de desarrollo, cultura y programas como Chile Ind\u00edgena y de apoyo a la compra de tierras. Es incomprensible\u00bb, dijo la diputada Nuyado.<\/p>\n\n\n\n<p>Sobre este mismo punto, la parlamentaria mapuche agreg\u00f3 que \u00abhoy se est\u00e1 hablando de establecer un nuevo estado de Excepci\u00f3n que dure 2 meses, pero siguen ausentes las&nbsp; demandas hist\u00f3ricas y ancestrales del pueblo mapuche\u00bb, concluy\u00f3 Emilia Nuyado.<\/p>\n","protected":false},"excerpt":{"rendered":"<p>La diputada cuestion\u00f3 que en el Presupuesto se siga privilegiando recursos para militarizar Wallmapu y no se invierta m\u00e1s en desarrollo y compra de tierras ind\u00edgenas.<\/p>\n","protected":false},"author":1,"featured_media":8909,"comment_status":"closed","ping_status":"closed","sticky":false,"template":"","format":"standard","meta":{"footnotes":""},"categories":[3],"tags":[],"class_list":["post-8908","post","type-post","status-publish","format-standard","has-post-thumbnail","hentry","category-al-dia"],"_links":{"self":[{"href":"https:\/\/www.semanariolocal.cl\/index.php?rest_route=\/wp\/v2\/posts\/8908","targetHints":{"allow":["GET"]}}],"collection":[{"href":"https:\/\/www.semanariolocal.cl\/index.php?rest_route=\/wp\/v2\/posts"}],"about":[{"href":"https:\/\/www.semanariolocal.cl\/index.php?rest_route=\/wp\/v2\/types\/post"}],"author":[{"embeddable":true,"href":"https:\/\/www.semanariolocal.cl\/index.php?rest_route=\/wp\/v2\/users\/1"}],"replies":[{"embeddable":true,"href":"https:\/\/www.semanariolocal.cl\/index.php?rest_route=%2Fwp%2Fv2%2Fcomments&post=8908"}],"version-history":[{"count":1,"href":"https:\/\/www.semanariolocal.cl\/index.php?rest_route=\/wp\/v2\/posts\/8908\/revisions"}],"predecessor-version":[{"id":8910,"href":"https:\/\/www.semanariolocal.cl\/index.php?rest_route=\/wp\/v2\/posts\/8908\/revisions\/8910"}],"wp:featuredmedia":[{"embeddable":true,"href":"https:\/\/www.semanariolocal.cl\/index.php?rest_route=\/wp\/v2\/media\/8909"}],"wp:attachment":[{"href":"https:\/\/www.semanariolocal.cl\/index.php?rest_route=%2Fwp%2Fv2%2Fmedia&parent=8908"}],"wp:term":[{"taxonomy":"category","embeddable":true,"href":"https:\/\/www.semanariolocal.cl\/index.php?rest_route=%2Fwp%2Fv2%2Fcategories&post=8908"},{"taxonomy":"post_tag","embeddable":true,"href":"https:\/\/www.semanariolocal.cl\/index.php?rest_route=%2Fwp%2Fv2%2Ftags&post=8908"}],"curies":[{"name":"wp","href":"https:\/\/api.w.org\/{rel}","templated":true}]}}