{"id":8905,"date":"2022-10-25T20:00:00","date_gmt":"2022-10-25T23:00:00","guid":{"rendered":"https:\/\/www.semanariolocal.cl\/?p=8905"},"modified":"2022-10-25T21:13:12","modified_gmt":"2022-10-26T00:13:12","slug":"el-acordeon-y-las-tradiciones-en-voz-de-ninas-y-ninos-de-coyhaique-y-chiloe","status":"publish","type":"post","link":"https:\/\/www.semanariolocal.cl\/?p=8905","title":{"rendered":"El acorde\u00f3n y las tradiciones en voz de ni\u00f1as y ni\u00f1os de Coyhaique y Chilo\u00e9"},"content":{"rendered":"\n<p><em>Sesiones en La Ruta del Acorde\u00f3n<\/em>&nbsp;es el t\u00edtulo de una serie de encuentros que este proyecto ha venido organizando hace algunos meses, con la finalidad de despertar en las y los estudiantes el inter\u00e9s por aprender un poco m\u00e1s sobre la influencia del acorde\u00f3n en la identidad chilota y patagona.<\/p>\n\n\n\n<p>Este jueves 27 de octubre las ni\u00f1as y ni\u00f1os de la Comunidad Educativa Casa Waldorf Newen, en la ciudad de Castro, Chilo\u00e9, tendr\u00e1n un quiebre en su rutina para conversar con Pascal, que a mil kil\u00f3metros de distancia estar\u00e1 conectada para compartir su experiencia en la m\u00fasica y espec\u00edficamente en el acorde\u00f3n.<\/p>\n\n\n\n<p>A Pascal le toc\u00f3 crecer en un entorno musical, ya que su abuelo es quien le ha ido ense\u00f1ando a tocar el acorde\u00f3n, igual como le ense\u00f1\u00f3 a su hermano mayor. Hace tres a\u00f1os tanto ella, como su abuelo y su hermano, fueron entrevistados para la serie documental Viento Acorde, en la que demostr\u00f3 su temprana habilidad con el acorde\u00f3n. Hoy busca incentivar a que m\u00e1s ni\u00f1as y ni\u00f1os se acerquen y descubran este instrumento.<\/p>\n\n\n\n<p>Ariel Sotomayor, profesor de la Casa Waldorf Newen, coment\u00f3 respecto a sus expectativas con este encuentro: \u201cMe gustar\u00eda que las ni\u00f1as y ni\u00f1os se identifiquen y emocionen con el patrimonio de su territorio, ya que relevar la importancia en torno a la identidad es muy significativo en el proceso de aprendizaje que se encuentran los ni\u00f1os, ni\u00f1as y adolescentes\u201d.<\/p>\n\n\n\n<p>Por su parte, Alberto Gajardo, director del proyecto&nbsp;<em>La Ruta del Acorde\u00f3n<\/em>, coment\u00f3: \u201cPara mantener vivas las tradiciones, es fundamental empoderar a las nuevas generaciones respecto a su cultura y sus identidades locales, y en este proceso, creemos que es muy importante valorar y validar entre sus pares a ni\u00f1as y ni\u00f1os que practiquen y mantengan tradiciones, como en este caso, el acorde\u00f3n\u201d.<\/p>\n\n\n\n<p>Cabe destacar que todas las actividades que realiza La Ruta del Acorde\u00f3n se difunden a trav\u00e9s de sus redes sociales en Facebook, Instagram y TikTok. Adem\u00e1s, todo el contenido desarrollado por el proyecto se puede encontrar en<a href=\"http:\/\/www.larutadelacordeon.cl\/\" target=\"_blank\" rel=\"noreferrer noopener\">&nbsp;www.larutadelacordeon.cl<\/a>.<\/p>\n","protected":false},"excerpt":{"rendered":"<p>La Ruta del Acorde\u00f3n reunir\u00e1 virtualmente a escolares de zonas alejadas entre s\u00ed con la finalidad de propiciar un espacio de intercambio de saberes en torno a la cultura y sus diversas manifestaciones.  Este proyecto de difusi\u00f3n es financiado por el Fondo Nacional de Desarrollo Cultural y las Artes, \u00e1mbito regional de financiamiento, convocatoria 2022.<\/p>\n","protected":false},"author":1,"featured_media":8906,"comment_status":"closed","ping_status":"closed","sticky":false,"template":"","format":"standard","meta":{"footnotes":""},"categories":[3],"tags":[],"class_list":["post-8905","post","type-post","status-publish","format-standard","has-post-thumbnail","hentry","category-al-dia"],"_links":{"self":[{"href":"https:\/\/www.semanariolocal.cl\/index.php?rest_route=\/wp\/v2\/posts\/8905","targetHints":{"allow":["GET"]}}],"collection":[{"href":"https:\/\/www.semanariolocal.cl\/index.php?rest_route=\/wp\/v2\/posts"}],"about":[{"href":"https:\/\/www.semanariolocal.cl\/index.php?rest_route=\/wp\/v2\/types\/post"}],"author":[{"embeddable":true,"href":"https:\/\/www.semanariolocal.cl\/index.php?rest_route=\/wp\/v2\/users\/1"}],"replies":[{"embeddable":true,"href":"https:\/\/www.semanariolocal.cl\/index.php?rest_route=%2Fwp%2Fv2%2Fcomments&post=8905"}],"version-history":[{"count":1,"href":"https:\/\/www.semanariolocal.cl\/index.php?rest_route=\/wp\/v2\/posts\/8905\/revisions"}],"predecessor-version":[{"id":8907,"href":"https:\/\/www.semanariolocal.cl\/index.php?rest_route=\/wp\/v2\/posts\/8905\/revisions\/8907"}],"wp:featuredmedia":[{"embeddable":true,"href":"https:\/\/www.semanariolocal.cl\/index.php?rest_route=\/wp\/v2\/media\/8906"}],"wp:attachment":[{"href":"https:\/\/www.semanariolocal.cl\/index.php?rest_route=%2Fwp%2Fv2%2Fmedia&parent=8905"}],"wp:term":[{"taxonomy":"category","embeddable":true,"href":"https:\/\/www.semanariolocal.cl\/index.php?rest_route=%2Fwp%2Fv2%2Fcategories&post=8905"},{"taxonomy":"post_tag","embeddable":true,"href":"https:\/\/www.semanariolocal.cl\/index.php?rest_route=%2Fwp%2Fv2%2Ftags&post=8905"}],"curies":[{"name":"wp","href":"https:\/\/api.w.org\/{rel}","templated":true}]}}