{"id":8902,"date":"2022-10-25T21:09:55","date_gmt":"2022-10-26T00:09:55","guid":{"rendered":"https:\/\/www.semanariolocal.cl\/?p=8902"},"modified":"2022-10-25T21:10:26","modified_gmt":"2022-10-26T00:10:26","slug":"ministro-de-energiaha-empezado-a-primar-algo-de-pesimismo-en-algunos-actores-de-la-industria","status":"publish","type":"post","link":"https:\/\/www.semanariolocal.cl\/?p=8902","title":{"rendered":"Ministro de Energ\u00eda:\u201cHa empezado a primar algo de pesimismo en algunos actores de la industria\u201d"},"content":{"rendered":"\n<p>\u201cEstamos en una circunstancia donde ha empezado a primar algo de pesimismo en algunos de los actores de la industria y yo creo que la manera de revertir ese pesimismo respecto de lo que viene es, precisamente, dialogando\u201d.<\/p>\n\n\n\n<p>Fueron las declaraciones del ministro de Energ\u00eda, Diego Pardow, terminada su participaci\u00f3n en el seminario \u2018Crisis actual para avanzar en la transici\u00f3n energ\u00e9tica: cambios regulatorios y definiciones estrat\u00e9gicas\u2019, organizado por el Departamento de Ingenier\u00eda El\u00e9ctrica de la Usach.<\/p>\n\n\n\n<p>El secretario de Estado destac\u00f3 la aprobaci\u00f3n de la ley de almacenamiento y anunci\u00f3 que \u201cvamos a seguir con la ley de fomento a las energ\u00edas renovables\u201d, adem\u00e1s de avanzar en \u201cuna ley corta en materia de transmisi\u00f3n\u201d.<\/p>\n\n\n\n<p>\u201cQueremos que juntos vayamos trabajando en dar mejores se\u00f1ales para que, en el mediano plazo, los desarrolladores de proyectos sepan que, en t\u00e9rmino de las se\u00f1ales que vienen a futuro, son claras, las pol\u00edticas de energ\u00eda van a ser estables y predecibles, y van a continuar fomentando la inversi\u00f3n en energ\u00eda renovable en nuestro pa\u00eds\u201d, asegur\u00f3.<\/p>\n\n\n\n<p>El Rector de la Universidad de Santiago de Chile, Dr. Rodrigo Vidal Rojas, tambi\u00e9n particip\u00f3 en el encuentro y destac\u00f3 el rol de las casas de estudios superiores para generar estabilidad a partir de la generaci\u00f3n de conocimiento.<\/p>\n\n\n\n<p>\u201cEs importante que el Estado de Chile, independiente de los gobiernos, entienda que sus universidades est\u00e1n all\u00ed para sostener, desde la creaci\u00f3n de conocimiento, las necesarias transformaciones que el pa\u00eds necesita\u201d, enfatiz\u00f3.<\/p>\n\n\n\n<p>Finalmente, el acad\u00e9mico del Departamento de Ingenier\u00eda El\u00e9ctrica de la Usach, Dr. Juan Manuel Zolezzi Cid, reconoci\u00f3 que \u201cChile tiene ese problema, que tiene muchas oportunidades por un lado, pero restricciones por otro. A eso le hemos denominado crisis, que es una de crecimiento, y hay que superarla\u201d.<\/p>\n\n\n\n<p>El seminario cont\u00f3 con un panel moderado por el acad\u00e9mico de la Usach, Dr. Humberto Verdejo Fredes, en el que participaron Sara Larra\u00edn, directora de Chile Sustentable; Ana L\u00eda Rojas, directora ejecutiva de ACERA; Claudio Seebach, presidente ejecutivo de la Asociaci\u00f3n de Generadoras de Chile; y Javier Tapia, director ejecutivo de la Asociaci\u00f3n de Transmisores de Chile.<\/p>\n\n\n\n<p>Adem\u00e1s, tuvo la asistencia de las senadoras Yasna Provoste y Paulina N\u00fa\u00f1ez, y el Director del Departamento de Ingenier\u00eda El\u00e9ctrica de la Usach, Dr. H\u00e9ctor Ch\u00e1vez Or\u00f3stica, entre otros destacados invitados.<\/p>\n","protected":false},"excerpt":{"rendered":"<p>Tras seminario organizado por la Usach, el secretario de Estado, Diego Pardow, reconoci\u00f3 que para revertir esta sensaci\u00f3n se debe fomentar el di\u00e1logo entre los distintos actores, a fin de dar se\u00f1ales de estabilidad que fomenten la inversi\u00f3n de energ\u00eda renovable en Chile.<\/p>\n","protected":false},"author":1,"featured_media":8904,"comment_status":"closed","ping_status":"closed","sticky":false,"template":"","format":"standard","meta":{"footnotes":""},"categories":[9],"tags":[],"class_list":["post-8902","post","type-post","status-publish","format-standard","has-post-thumbnail","hentry","category-gobierno"],"_links":{"self":[{"href":"https:\/\/www.semanariolocal.cl\/index.php?rest_route=\/wp\/v2\/posts\/8902","targetHints":{"allow":["GET"]}}],"collection":[{"href":"https:\/\/www.semanariolocal.cl\/index.php?rest_route=\/wp\/v2\/posts"}],"about":[{"href":"https:\/\/www.semanariolocal.cl\/index.php?rest_route=\/wp\/v2\/types\/post"}],"author":[{"embeddable":true,"href":"https:\/\/www.semanariolocal.cl\/index.php?rest_route=\/wp\/v2\/users\/1"}],"replies":[{"embeddable":true,"href":"https:\/\/www.semanariolocal.cl\/index.php?rest_route=%2Fwp%2Fv2%2Fcomments&post=8902"}],"version-history":[{"count":1,"href":"https:\/\/www.semanariolocal.cl\/index.php?rest_route=\/wp\/v2\/posts\/8902\/revisions"}],"predecessor-version":[{"id":8903,"href":"https:\/\/www.semanariolocal.cl\/index.php?rest_route=\/wp\/v2\/posts\/8902\/revisions\/8903"}],"wp:featuredmedia":[{"embeddable":true,"href":"https:\/\/www.semanariolocal.cl\/index.php?rest_route=\/wp\/v2\/media\/8904"}],"wp:attachment":[{"href":"https:\/\/www.semanariolocal.cl\/index.php?rest_route=%2Fwp%2Fv2%2Fmedia&parent=8902"}],"wp:term":[{"taxonomy":"category","embeddable":true,"href":"https:\/\/www.semanariolocal.cl\/index.php?rest_route=%2Fwp%2Fv2%2Fcategories&post=8902"},{"taxonomy":"post_tag","embeddable":true,"href":"https:\/\/www.semanariolocal.cl\/index.php?rest_route=%2Fwp%2Fv2%2Ftags&post=8902"}],"curies":[{"name":"wp","href":"https:\/\/api.w.org\/{rel}","templated":true}]}}