{"id":8899,"date":"2022-10-25T21:01:15","date_gmt":"2022-10-26T00:01:15","guid":{"rendered":"https:\/\/www.semanariolocal.cl\/?p=8899"},"modified":"2022-10-25T21:01:16","modified_gmt":"2022-10-26T00:01:16","slug":"mindep-ind-apoyo-6ta-corrida-familiar-para-integracion-jerome-bruner-en-osorno","status":"publish","type":"post","link":"https:\/\/www.semanariolocal.cl\/?p=8899","title":{"rendered":"Mindep IND apoy\u00f3 6ta Corrida Familiar para Integraci\u00f3n Jerome Bruner en Osorno"},"content":{"rendered":"\n<p>M\u00e1s de 230 ni\u00f1as, ni\u00f1os y adultos de Osorno participaron en la Sexta Corrida Familia Centro para la Integraci\u00f3n Jerome Bruner efectuada en dicha ciudad.<\/p>\n\n\n\n<p>Para esta actividad se convocaron instituciones, tales como, CEREPA, Escuela Especial Ana Aichele, Colegio William Booth, Coanil, Centro para la Integraci\u00f3n Ra\u00edces, Escuela Especial Los Notros, Colegio Green Park y el Taller Laboral RIE.<\/p>\n\n\n\n<p>El evento fue apoyado por el Programa \u201cCrecer en Movimiento\u201d mediante el componente \u00abDel Juego al Deporte\u201d, tal como lo se\u00f1al\u00f3 que la Seremi del Deporte, Carolina Urrutia, quien indic\u00f3 que \u201cesta iniciativa tuvo por objetivo que ni\u00f1as, ni\u00f1os y adolescentes potencien sus habilidades motoras y condicionantes, a trav\u00e9s de la pr\u00e1ctica de actividad f\u00edsica \u2013 l\u00fadica, que permitir\u00e1n el tr\u00e1nsito hacia la familiarizaci\u00f3n de contenidos y reglas b\u00e1sicas del deporte\u201d.<\/p>\n\n\n\n<p>La jornada comenz\u00f3 con una activaci\u00f3n de zumba a cargo de los estudiantes de la carrera \u201cT\u00e9cnico Preparador F\u00edsico\u201d de la Universidad Santo Tom\u00e1s y con la colaboraci\u00f3n de alumnos de la carrera \u201cPedagog\u00eda en Educaci\u00f3n F\u00edsica\u201d de la Universidad de Los Lagos de Osorno.<\/p>\n","protected":false},"excerpt":{"rendered":"<p>En esta iniciativa se efectu\u00f3 a trav\u00e9s del programa \u201cCrecer en Movimiento\u201d, que busca contribuir a mejorar la condici\u00f3n f\u00edsica, mediante la pr\u00e1ctica sistem\u00e1tica del juego, la actividad f\u00edsica y deporte en ni\u00f1os, ni\u00f1as y adolescentes.<\/p>\n","protected":false},"author":1,"featured_media":8900,"comment_status":"closed","ping_status":"closed","sticky":false,"template":"","format":"standard","meta":{"footnotes":""},"categories":[3],"tags":[],"class_list":["post-8899","post","type-post","status-publish","format-standard","has-post-thumbnail","hentry","category-al-dia"],"_links":{"self":[{"href":"https:\/\/www.semanariolocal.cl\/index.php?rest_route=\/wp\/v2\/posts\/8899","targetHints":{"allow":["GET"]}}],"collection":[{"href":"https:\/\/www.semanariolocal.cl\/index.php?rest_route=\/wp\/v2\/posts"}],"about":[{"href":"https:\/\/www.semanariolocal.cl\/index.php?rest_route=\/wp\/v2\/types\/post"}],"author":[{"embeddable":true,"href":"https:\/\/www.semanariolocal.cl\/index.php?rest_route=\/wp\/v2\/users\/1"}],"replies":[{"embeddable":true,"href":"https:\/\/www.semanariolocal.cl\/index.php?rest_route=%2Fwp%2Fv2%2Fcomments&post=8899"}],"version-history":[{"count":1,"href":"https:\/\/www.semanariolocal.cl\/index.php?rest_route=\/wp\/v2\/posts\/8899\/revisions"}],"predecessor-version":[{"id":8901,"href":"https:\/\/www.semanariolocal.cl\/index.php?rest_route=\/wp\/v2\/posts\/8899\/revisions\/8901"}],"wp:featuredmedia":[{"embeddable":true,"href":"https:\/\/www.semanariolocal.cl\/index.php?rest_route=\/wp\/v2\/media\/8900"}],"wp:attachment":[{"href":"https:\/\/www.semanariolocal.cl\/index.php?rest_route=%2Fwp%2Fv2%2Fmedia&parent=8899"}],"wp:term":[{"taxonomy":"category","embeddable":true,"href":"https:\/\/www.semanariolocal.cl\/index.php?rest_route=%2Fwp%2Fv2%2Fcategories&post=8899"},{"taxonomy":"post_tag","embeddable":true,"href":"https:\/\/www.semanariolocal.cl\/index.php?rest_route=%2Fwp%2Fv2%2Ftags&post=8899"}],"curies":[{"name":"wp","href":"https:\/\/api.w.org\/{rel}","templated":true}]}}