{"id":8896,"date":"2022-10-25T20:58:33","date_gmt":"2022-10-25T23:58:33","guid":{"rendered":"https:\/\/www.semanariolocal.cl\/?p=8896"},"modified":"2022-10-25T20:58:33","modified_gmt":"2022-10-25T23:58:33","slug":"cuestionan-a-ministra-uriarte-es-irrespetuoso-intervenir-un-organismo-autonomo","status":"publish","type":"post","link":"https:\/\/www.semanariolocal.cl\/?p=8896","title":{"rendered":"Cuestionan a ministra Uriarte: \u201ces irrespetuoso intervenir  un organismo aut\u00f3nomo\u201d"},"content":{"rendered":"\n<p>Los diputados de la UDI, Juan Antonio Coloma y Cristi\u00e1n Labb\u00e9, respondieron a las declaraciones de la ministra de la Secretar\u00eda General de la Presidencia, Ana Lya Uriarte, quien calific\u00f3 como \u201cirrespetuoso\u201d el proyecto de resoluci\u00f3n presentado por la bancada gremialista -que se deber\u00e1 votar ma\u00f1ana mi\u00e9rcoles en la Sala-, que busca manifestar el apoyo de la C\u00e1mara Baja a la gesti\u00f3n que realiz\u00f3 el ex director del Instituto Nacional de Derechos Humanos (INDH), Sergio Micco, especialmente durante las violentas manifestaciones que se registraron en 2019 en el pa\u00eds.<\/p>\n\n\n\n<p>Al respecto, y junto con cuestionar las palabras de la secretaria de Estado, los parlamentarios de la UDI aseguraron que \u201clo poco \u00e9tico no es constatar una realidad que todos conocemos, sino que haber presionado a una persona para obtener una declaraci\u00f3n a sabiendas de que era falsa\u201d, agregando, adem\u00e1s, que \u201clo irrespetuoso no es nuestro proyecto de resoluci\u00f3n, sino que haber intervenido burdamente en un organismo aut\u00f3nomo, como es el INDH, con el \u00fanico objetivo de que la mayor\u00eda de los consejeros fueran de la simpat\u00eda del actual Gobierno\u201d.<\/p>\n\n\n\n<p>\u201cEl ex director del INDH asegur\u00f3 que era una persona non grata para el Gobierno, porque fue esta administraci\u00f3n la que decidi\u00f3 negociar con quienes se hab\u00edan tomado la sede principal del organismo. Fue el ex director quien, adem\u00e1s, se\u00f1al\u00f3 que el diputado Boris Barrera y el ex constituyente Marcos Barraza, ambos del Partido Comunista, lo presionaron para declarar que en Chile supuestamente se violaban los Derechos Humanos de manera sistem\u00e1tica, lo que fue descartado por todos los organismos nacionales e internacionales. Por lo tanto, lo que nosotros hicimos fue simplemente reflejar la verdad de los hechos, aunque eso moleste o incomode al Presidente de la Rep\u00fablica o a su ministra\u201d, respondieron los diputados gremialistas.<\/p>\n\n\n\n<p>En esa l\u00ednea, Coloma y Labb\u00e9 agregaron que \u201cbasta con escuchar las graves declaraciones del se\u00f1or Micco para entender que el Partido Comunista y el Frente Amplio lo presionaron indebidamente durante meses\u201d, insistiendo en que \u201cmientras que en paralelo, el Gobierno decidi\u00f3 negociar a sus espaldas con quienes se hab\u00edan tomado y vandalizado la sede del instituto\u201d.<\/p>\n\n\n\n<p>\u201cLo poco \u00e9tico e irrespetuoso es haber presionado con parlamentarios y ex constituyentes a una persona para declarar lo que ellos quer\u00edan. Eso hizo el PC y el FA, por lo tanto no tienen la moral para darnos lecciones de \u00e9tica cuando fueron ellos mismos quienes, en complicidad con el Gobierno, quisieron intervenir en el organismo\u201d, reiteraron los parlamentarios de la UDI.<\/p>\n","protected":false},"excerpt":{"rendered":"<p>uan Antonio Coloma y Cristi\u00e1n Labb\u00e9 respondieron a las declaraciones de la titular de la Segpres, asegurando que el proyecto de resoluci\u00f3n \u201cs\u00f3lo refleja la verdad de los hechos, aunque eso moleste o incomode al Presidente de la Rep\u00fablica o a su ministra\u201d. <\/p>\n","protected":false},"author":1,"featured_media":8897,"comment_status":"closed","ping_status":"closed","sticky":false,"template":"","format":"standard","meta":{"footnotes":""},"categories":[3],"tags":[],"class_list":["post-8896","post","type-post","status-publish","format-standard","has-post-thumbnail","hentry","category-al-dia"],"_links":{"self":[{"href":"https:\/\/www.semanariolocal.cl\/index.php?rest_route=\/wp\/v2\/posts\/8896","targetHints":{"allow":["GET"]}}],"collection":[{"href":"https:\/\/www.semanariolocal.cl\/index.php?rest_route=\/wp\/v2\/posts"}],"about":[{"href":"https:\/\/www.semanariolocal.cl\/index.php?rest_route=\/wp\/v2\/types\/post"}],"author":[{"embeddable":true,"href":"https:\/\/www.semanariolocal.cl\/index.php?rest_route=\/wp\/v2\/users\/1"}],"replies":[{"embeddable":true,"href":"https:\/\/www.semanariolocal.cl\/index.php?rest_route=%2Fwp%2Fv2%2Fcomments&post=8896"}],"version-history":[{"count":1,"href":"https:\/\/www.semanariolocal.cl\/index.php?rest_route=\/wp\/v2\/posts\/8896\/revisions"}],"predecessor-version":[{"id":8898,"href":"https:\/\/www.semanariolocal.cl\/index.php?rest_route=\/wp\/v2\/posts\/8896\/revisions\/8898"}],"wp:featuredmedia":[{"embeddable":true,"href":"https:\/\/www.semanariolocal.cl\/index.php?rest_route=\/wp\/v2\/media\/8897"}],"wp:attachment":[{"href":"https:\/\/www.semanariolocal.cl\/index.php?rest_route=%2Fwp%2Fv2%2Fmedia&parent=8896"}],"wp:term":[{"taxonomy":"category","embeddable":true,"href":"https:\/\/www.semanariolocal.cl\/index.php?rest_route=%2Fwp%2Fv2%2Fcategories&post=8896"},{"taxonomy":"post_tag","embeddable":true,"href":"https:\/\/www.semanariolocal.cl\/index.php?rest_route=%2Fwp%2Fv2%2Ftags&post=8896"}],"curies":[{"name":"wp","href":"https:\/\/api.w.org\/{rel}","templated":true}]}}