{"id":8663,"date":"2022-10-11T08:31:00","date_gmt":"2022-10-11T11:31:00","guid":{"rendered":"https:\/\/www.semanariolocal.cl\/?p=8663"},"modified":"2022-10-12T10:56:34","modified_gmt":"2022-10-12T13:56:34","slug":"salud-mental-en-chile","status":"publish","type":"post","link":"https:\/\/www.semanariolocal.cl\/?p=8663","title":{"rendered":"Salud Mental en Chile"},"content":{"rendered":"\n<p>La Organizaci\u00f3n Mundial de la Salud (OMS) releva el rol de la Salud Mental categoriz\u00e1ndola como primordial en lo que concierne al bienestar personal, las relaciones familiares y en contribuci\u00f3n al desarrollo de la sociedad y los pa\u00edses, sin embargo, en la actualidad en nuestro pa\u00eds sobre el 22% de la poblaci\u00f3n tendr\u00eda un diagn\u00f3stico de Salud Mental e incluso se proyectar\u00eda que un 31,5% de la poblaci\u00f3n podr\u00eda sufrir alg\u00fan trastorno psicol\u00f3gico a lo largo de su vida.<\/p>\n\n\n\n<p>Sumado a estas alarmantes cifras, se puede indicar que los esfuerzos que actualmente se realizan siguen siendo escasos, ya que s\u00f3lo el 2,5% de nuestro Producto Interno Bruto (PIB) se destina a dar cobertura de este tipo de patolog\u00edas, lejos de la recomendaci\u00f3n de la OMS que sugiere que al menos el 6% del PIB de un pa\u00eds deber\u00eda invertirse en esta tem\u00e1tica.<\/p>\n\n\n\n<p>Como reflejo de esto, el \u00faltimo informe de \u201cFelicidad Mundial 2022\u201d reporta que s\u00f3lo un 53% de los chilenos nos consideramos felices, pero a\u00fan m\u00e1s preocupante resulta el saber que de los 30 pa\u00edses pertenecientes a la muestra, Chile se posiciona en el cuarto lugar como uno de los pa\u00edses m\u00e1s infelices del mundo, mostrando s\u00f3lo mejores \u00edndices de felicidad pa\u00edses como Hungr\u00eda, Argentina y Turqu\u00eda.<\/p>\n\n\n\n<p>Si bien estos estudios develan un fuerte componente cultural, pero tambi\u00e9n es posible entenderlo a la luz de la naturaleza humana ya que nos resulta muy f\u00e1cil entrenarnos en buscar la falla o detectar el error, se nos califica en funci\u00f3n del rendimiento y se castiga el d\u00e9ficit, como ya tenemos bastante instrucci\u00f3n en esta forma de ver la vida, ante cada nueva situaci\u00f3n tendemos a reaccionar con resistencia por las posibles desventajas que identifiquemos. Sin embargo, hoy en el D\u00eda Mundial de la Salud Mental, se nos recuerda la importancia de autocuidarnos y entregar herramientas que nos ayuden a ser conscientes y responder adecuadamente, haci\u00e9ndonos cargo de lo que se encuentra a nuestro alcance.<\/p>\n\n\n\n<p>En este contexto, desde nuestro Centro de Atenci\u00f3n Psicol\u00f3gica Santo Tom\u00e1s, trabajamos en conjunto con nuestros estudiantes y docentes prestando atenciones totalmente gratuitas a usuarios que nos han elegido para acompa\u00f1ar aquellos momentos dif\u00edciles de la vida, aportando as\u00ed a optimizar la salud mental de las y los osorninos, con el fin de acercarnos m\u00e1s a aquello que identificamos como piedra angular de nuestra calidad de vida y acercarnos m\u00e1s a aquello que comprendemos como buen vivir.<\/p>\n\n\n\n<p>Eduardo \u00c1lvarez Pe\u00f1a<\/p>\n\n\n\n<p>Coordinador (i) Centro de Atenci\u00f3n Psicol\u00f3gica<\/p>\n\n\n\n<p>Universidad Santo Tom\u00e1s sede Osorno<\/p>\n","protected":false},"excerpt":{"rendered":"<p>La Organizaci\u00f3n Mundial de la Salud (OMS) releva el rol de la Salud Mental categoriz\u00e1ndola como primordial en lo que concierne al bienestar personal, las relaciones familiares y en contribuci\u00f3n al desarrollo de la sociedad y los pa\u00edses, sin embargo, en la actualidad en nuestro pa\u00eds sobre el 22% de la poblaci\u00f3n tendr\u00eda un diagn\u00f3stico&#8230;<a class=\"btnReadMore\" href=\"https:\/\/www.semanariolocal.cl\/?p=8663\"> Leer M\u00e1s<\/a><\/p>\n","protected":false},"author":1,"featured_media":8664,"comment_status":"closed","ping_status":"closed","sticky":false,"template":"","format":"standard","meta":{"footnotes":""},"categories":[3],"tags":[],"class_list":["post-8663","post","type-post","status-publish","format-standard","has-post-thumbnail","hentry","category-al-dia"],"_links":{"self":[{"href":"https:\/\/www.semanariolocal.cl\/index.php?rest_route=\/wp\/v2\/posts\/8663","targetHints":{"allow":["GET"]}}],"collection":[{"href":"https:\/\/www.semanariolocal.cl\/index.php?rest_route=\/wp\/v2\/posts"}],"about":[{"href":"https:\/\/www.semanariolocal.cl\/index.php?rest_route=\/wp\/v2\/types\/post"}],"author":[{"embeddable":true,"href":"https:\/\/www.semanariolocal.cl\/index.php?rest_route=\/wp\/v2\/users\/1"}],"replies":[{"embeddable":true,"href":"https:\/\/www.semanariolocal.cl\/index.php?rest_route=%2Fwp%2Fv2%2Fcomments&post=8663"}],"version-history":[{"count":1,"href":"https:\/\/www.semanariolocal.cl\/index.php?rest_route=\/wp\/v2\/posts\/8663\/revisions"}],"predecessor-version":[{"id":8665,"href":"https:\/\/www.semanariolocal.cl\/index.php?rest_route=\/wp\/v2\/posts\/8663\/revisions\/8665"}],"wp:featuredmedia":[{"embeddable":true,"href":"https:\/\/www.semanariolocal.cl\/index.php?rest_route=\/wp\/v2\/media\/8664"}],"wp:attachment":[{"href":"https:\/\/www.semanariolocal.cl\/index.php?rest_route=%2Fwp%2Fv2%2Fmedia&parent=8663"}],"wp:term":[{"taxonomy":"category","embeddable":true,"href":"https:\/\/www.semanariolocal.cl\/index.php?rest_route=%2Fwp%2Fv2%2Fcategories&post=8663"},{"taxonomy":"post_tag","embeddable":true,"href":"https:\/\/www.semanariolocal.cl\/index.php?rest_route=%2Fwp%2Fv2%2Ftags&post=8663"}],"curies":[{"name":"wp","href":"https:\/\/api.w.org\/{rel}","templated":true}]}}