{"id":8660,"date":"2022-10-11T08:00:00","date_gmt":"2022-10-11T11:00:00","guid":{"rendered":"https:\/\/www.semanariolocal.cl\/?p=8660"},"modified":"2022-10-12T10:50:03","modified_gmt":"2022-10-12T13:50:03","slug":"vivienda-social-industrializada-se-construye-en-solo-cuatro-dias","status":"publish","type":"post","link":"https:\/\/www.semanariolocal.cl\/?p=8660","title":{"rendered":"Vivienda social industrializada se construye en solo cuatro d\u00edas"},"content":{"rendered":"\n<p>TWH, empresa nacional experta en la construcci\u00f3n de viviendas industrializadas de alto est\u00e1ndar, particip\u00f3 en Edifica, la feria m\u00e1s importante de construcci\u00f3n en Hispanoam\u00e9rica donde se re\u00fanen proveedores, visitantes profesionales y representantes de los sectores p\u00fablico y privado. Se trata de una instancia para compartir propuestas, exponer productos y servicios innovadores que mejoran la calidad de vida de las personas en las ciudades.<\/p>\n\n\n\n<p>En esta edici\u00f3n, TWH mont\u00f3 una vivienda tipo para exhibir el alto est\u00e1ndar y potencialidad para proyectos de viviendas sociales, la que fue visita y recorrida por el Presidente de la Rep\u00fablica Gabriel Boric, el Ministro de Vivienda y Urbanismo, Carlos Montes, el Ministro de Obras P\u00fablicas, Juan Carlos Garc\u00eda y el Presidente de la C\u00e1mara Chilena de la Construcci\u00f3n, Antonio Err\u00e1zuriz, entre otras destacadas autoridades. En la instancia, valoraron las alianzas p\u00fablico-privadas para enfrentar uno de los mayores desaf\u00edos sociales de Chile: aportar a reducir el d\u00e9ficit habitacional en nuestro pa\u00eds, el que supera las 260 mil viviendas.<\/p>\n\n\n\n<p>Durante la jornada, tambi\u00e9n fue visitada por representantes de numerosos comit\u00e9s de vivienda de distintas comunas del pa\u00eds que sue\u00f1an con su casa propia.<\/p>\n\n\n\n<p>Cabe destacar que las principales ventajas competitivas de la vivienda industrializada son el ahorro en tiempo y costos, ya que este tipo de construcci\u00f3n tarda tan solo cuatro d\u00edas en su obra gruesa, y, adem\u00e1s, se entrega con todas las terminaciones para que las personas no tengan que invertir nada extra para terminar sus nuevos hogares.<\/p>\n\n\n\n<p>Sobre esto, el gerente general de TWH, F\u00e9lix Escudero,expres\u00f3 que \u201csomos una empresa que nace como un proyecto de transformaci\u00f3n social a trav\u00e9s de la vivienda industrializada para dar una soluci\u00f3n oportuna a las familias que buscan una vivienda digna para mejorar su calidad de vida. Nos alegra poder construir estos proyectos y cambiarle la vida de manera definitiva a tantas familias\u201d. Este tipo de construcci\u00f3n demora hasta un 70% menos que una construcci\u00f3n tradicional. Junto con esto, no requiere maquinaria pesada ni gr\u00faas, por lo que minimiza al m\u00e1ximo cualquier tipo de efecto adverso en el entorno.<\/p>\n\n\n\n<p>TWH lleva tres a\u00f1os ofreciendo soluciones en vivienda industrializada en distintas regiones de Chile y proyecta construir m\u00e1s de 1.000 viviendas el pr\u00f3ximo a\u00f1o. Junto con esto, y para 2025, la empresa proyecta hacer una inversi\u00f3n de 17 millones de d\u00f3lares para automatizar la planta de construcci\u00f3n.<\/p>\n\n\n\n<p>Actualmente, TWH se encuentra desarrollando proyectos de viviendas sociales en la Regi\u00f3n de Coquimbo y Magallanes y est\u00e1 pr\u00f3xima a implementar otros en el resto del pa\u00eds.<\/p>\n","protected":false},"excerpt":{"rendered":"<p>\u2022\tEn una nueva versi\u00f3n de Edifica, la empresa nacional de construcci\u00f3n de viviendas industrializadas dio cuenta del est\u00e1ndar que pueden tener este tipo de hogares, mejorando la calidad de vida de miles de familias para siempre. <\/p>\n","protected":false},"author":1,"featured_media":8661,"comment_status":"closed","ping_status":"closed","sticky":false,"template":"","format":"standard","meta":{"footnotes":""},"categories":[3],"tags":[],"class_list":["post-8660","post","type-post","status-publish","format-standard","has-post-thumbnail","hentry","category-al-dia"],"_links":{"self":[{"href":"https:\/\/www.semanariolocal.cl\/index.php?rest_route=\/wp\/v2\/posts\/8660","targetHints":{"allow":["GET"]}}],"collection":[{"href":"https:\/\/www.semanariolocal.cl\/index.php?rest_route=\/wp\/v2\/posts"}],"about":[{"href":"https:\/\/www.semanariolocal.cl\/index.php?rest_route=\/wp\/v2\/types\/post"}],"author":[{"embeddable":true,"href":"https:\/\/www.semanariolocal.cl\/index.php?rest_route=\/wp\/v2\/users\/1"}],"replies":[{"embeddable":true,"href":"https:\/\/www.semanariolocal.cl\/index.php?rest_route=%2Fwp%2Fv2%2Fcomments&post=8660"}],"version-history":[{"count":1,"href":"https:\/\/www.semanariolocal.cl\/index.php?rest_route=\/wp\/v2\/posts\/8660\/revisions"}],"predecessor-version":[{"id":8662,"href":"https:\/\/www.semanariolocal.cl\/index.php?rest_route=\/wp\/v2\/posts\/8660\/revisions\/8662"}],"wp:featuredmedia":[{"embeddable":true,"href":"https:\/\/www.semanariolocal.cl\/index.php?rest_route=\/wp\/v2\/media\/8661"}],"wp:attachment":[{"href":"https:\/\/www.semanariolocal.cl\/index.php?rest_route=%2Fwp%2Fv2%2Fmedia&parent=8660"}],"wp:term":[{"taxonomy":"category","embeddable":true,"href":"https:\/\/www.semanariolocal.cl\/index.php?rest_route=%2Fwp%2Fv2%2Fcategories&post=8660"},{"taxonomy":"post_tag","embeddable":true,"href":"https:\/\/www.semanariolocal.cl\/index.php?rest_route=%2Fwp%2Fv2%2Ftags&post=8660"}],"curies":[{"name":"wp","href":"https:\/\/api.w.org\/{rel}","templated":true}]}}